{"id":169489,"date":"2020-05-14T14:09:27","date_gmt":"2020-05-14T17:09:27","guid":{"rendered":"https:\/\/www.caririemacao.com\/1\/?p=169489"},"modified":"2020-05-14T14:09:27","modified_gmt":"2020-05-14T17:09:27","slug":"bolsonaro-da-ao-ministerio-da-agricultura-poder-de-conceder-florestas-publicas","status":"publish","type":"post","link":"https:\/\/www.caririemacao.com\/1\/2020\/05\/14\/bolsonaro-da-ao-ministerio-da-agricultura-poder-de-conceder-florestas-publicas\/","title":{"rendered":"Bolsonaro d\u00e1 ao minist\u00e9rio da Agricultura poder de conceder florestas p\u00fablicas"},"content":{"rendered":"\n<h1 class=\"wp-block-heading\"><\/h1>\n\n\n\n<p>A decis\u00e3o est\u00e1 em decreto publicado nesta quinta-feira (14) e altera a lei que trata da gest\u00e3o de florestas p\u00fablicas e do Servi\u00e7o Florestal Brasileiro.<\/p>\n\n\n\n<p>O texto transfere do Meio Ambiente para a Agricultura, Pecu\u00e1ria e Abastecimento a compet\u00eancia de formular estrat\u00e9gias, pol\u00edticas, planos e programas para a gest\u00e3o de florestas p\u00fablicas.<\/p>\n\n\n\n<p>Caber\u00e1 \u00e0 pasta de Tereza Cristina a defini\u00e7\u00e3o do Plano Anual de Outorga Florestal e tamb\u00e9m determinar quais \u00e1reas ser\u00e3o submetidas \u00e0 concess\u00e3o florestal. O minist\u00e9rio tamb\u00e9m poder\u00e1 estabelecer os termos de licita\u00e7\u00e3o e os crit\u00e9rios de sele\u00e7\u00e3o, operacionalizar os procedimentos licitat\u00f3rios e celebrar contratos.<\/p>\n\n\n\n<p>A medida foi criticada por ambientalistas, que veem uma resposta ao adiamento da vota\u00e7\u00e3o da MP 910, de regulariza\u00e7\u00e3o fundi\u00e1ria -conhecida como MP da grilagem.<br>Nesta semana, o governo e setores do agroneg\u00f3cio sofreram um rev\u00e9s depois que o presidente da C\u00e2mara, Rodrigo Maia (DEM-RJ), prop\u00f4s a substitui\u00e7\u00e3o da MP, que perde validade na pr\u00f3xima ter\u00e7a (19), por um projeto de lei, de tramita\u00e7\u00e3o mais lenta.<\/p>\n\n\n\n<p>Maia se comprometeu a votar a nova proposta j\u00e1 na quarta-feira (20), mas o adiamento irritou parlamentares ligados ao governo, entre eles l\u00edderes do centr\u00e3o, e tamb\u00e9m deputados alinhados com o agroneg\u00f3cio.<\/p>\n\n\n\n<p>Ambientalistas interpretam a edi\u00e7\u00e3o do decreto como uma forma de o governo conseguir fazer concess\u00f5es de florestas p\u00fablicas com as \u00e1reas que ficarem de fora da grande regulariza\u00e7\u00e3o fundi\u00e1ria que a MP e o futuro projeto de lei promovem.<\/p>\n\n\n\n<p>O texto amplia em 300% as terras sujeitas \u00e0 regulariza\u00e7\u00e3o -um salto de 19,6 milh\u00f5es de hectares para at\u00e9 65 milh\u00f5es de hectares. Tamb\u00e9m facilita o processo, como a dispensa de vistoria para im\u00f3veis de at\u00e9 seis m\u00f3dulos fiscais (a unidade de medida de \u00e1rea economicamente vi\u00e1vel corresponde a 660 hectares no caso de terras na Amaz\u00f4nia). Atualmente, a dispensa vale apenas para im\u00f3veis de at\u00e9 quatro m\u00f3dulos fiscais.<\/p>\n\n\n\n<p>Na avalia\u00e7\u00e3o dos ambientalistas, &#8220;vai sobrar muita floresta p\u00fablica para concess\u00e3o&#8221;. Eles temem que \u00e1reas florestais que n\u00e3o forem protegidas e terras ind\u00edgenas sejam regularizadas ou concedidas.<\/p>\n\n\n\n<p>A decis\u00e3o tamb\u00e9m ocorre depois de o governo ter retirado da esfera do Minist\u00e9rio do Meio Ambiente o Cadastro Ambiental Rural, principal instrumento do C\u00f3digo Florestal, e o pr\u00f3prio Servi\u00e7o Florestal Brasileiro.<\/p>\n\n\n\n<p>O deputado Kim Kataguiri (DEM-SP), relator do projeto de licenciamento ambiental em tramita\u00e7\u00e3o na C\u00e2mara, critica a transfer\u00eancia.<\/p>\n\n\n\n<p>&#8220;Passar a compet\u00eancia da concess\u00e3o de florestas para o minist\u00e9rio da agricultura \u00e9 incompat\u00edvel com a boa pr\u00e1tica internacional e inexplic\u00e1vel&#8221;, afirmou.<\/p>\n\n\n\n<p>&#8220;A mudan\u00e7a trar\u00e1 inseguran\u00e7a para investidores e poss\u00edvel preju\u00edzo ambiental. O Brasil fica cada vez mais longe dos crit\u00e9rios para ingresso na OCDE [Organiza\u00e7\u00e3o de Coopera\u00e7\u00e3o e Desenvolvimento Econ\u00f4mico].&#8221;<\/p>\n","protected":false},"excerpt":{"rendered":"<p>A decis\u00e3o est\u00e1 em decreto publicado nesta quinta-feira (14) e altera a lei que trata da gest\u00e3o de florestas p\u00fablicas e do Servi\u00e7o Florestal Brasileiro.&hellip; <\/p>\n","protected":false},"author":2,"featured_media":169490,"comment_status":"closed","ping_status":"closed","sticky":false,"template":"","format":"standard","meta":{"sfsi_plus_gutenberg_text_before_share":"","sfsi_plus_gutenberg_show_text_before_share":"","sfsi_plus_gutenberg_icon_type":"","sfsi_plus_gutenberg_icon_alignemt":"","sfsi_plus_gutenburg_max_per_row":"","footnotes":""},"categories":[11],"tags":[],"class_list":["post-169489","post","type-post","status-publish","format-standard","has-post-thumbnail","hentry","category-politica"],"_links":{"self":[{"href":"https:\/\/www.caririemacao.com\/1\/wp-json\/wp\/v2\/posts\/169489","targetHints":{"allow":["GET"]}}],"collection":[{"href":"https:\/\/www.caririemacao.com\/1\/wp-json\/wp\/v2\/posts"}],"about":[{"href":"https:\/\/www.caririemacao.com\/1\/wp-json\/wp\/v2\/types\/post"}],"author":[{"embeddable":true,"href":"https:\/\/www.caririemacao.com\/1\/wp-json\/wp\/v2\/users\/2"}],"replies":[{"embeddable":true,"href":"https:\/\/www.caririemacao.com\/1\/wp-json\/wp\/v2\/comments?post=169489"}],"version-history":[{"count":1,"href":"https:\/\/www.caririemacao.com\/1\/wp-json\/wp\/v2\/posts\/169489\/revisions"}],"predecessor-version":[{"id":169491,"href":"https:\/\/www.caririemacao.com\/1\/wp-json\/wp\/v2\/posts\/169489\/revisions\/169491"}],"wp:featuredmedia":[{"embeddable":true,"href":"https:\/\/www.caririemacao.com\/1\/wp-json\/wp\/v2\/media\/169490"}],"wp:attachment":[{"href":"https:\/\/www.caririemacao.com\/1\/wp-json\/wp\/v2\/media?parent=169489"}],"wp:term":[{"taxonomy":"category","embeddable":true,"href":"https:\/\/www.caririemacao.com\/1\/wp-json\/wp\/v2\/categories?post=169489"},{"taxonomy":"post_tag","embeddable":true,"href":"https:\/\/www.caririemacao.com\/1\/wp-json\/wp\/v2\/tags?post=169489"}],"curies":[{"name":"wp","href":"https:\/\/api.w.org\/{rel}","templated":true}]}}