{"id":16949,"date":"2017-03-31T18:29:29","date_gmt":"2017-03-31T21:29:29","guid":{"rendered":"http:\/\/caririemacao.com\/1\/?p=16949"},"modified":"2017-03-31T18:29:29","modified_gmt":"2017-03-31T21:29:29","slug":"lula-e-o-politico-mais-popular-do-pais","status":"publish","type":"post","link":"https:\/\/www.caririemacao.com\/1\/2017\/03\/31\/lula-e-o-politico-mais-popular-do-pais\/","title":{"rendered":"Lula \u00e9 o pol\u00edtico mais popular do Pa\u00eds"},"content":{"rendered":"<p>Alvo de um massacre promovido pela Globo e por setores do Poder Judici\u00e1rio, o ex-presidente Luiz In\u00e1cio Lula da Silva ainda \u00e9 o pol\u00edtico mais popular do Brasil.<\/p>\n<p>\u00c9 o que aponta pesquisa Ipsos, divulgada nesta quinta-feira, que tamb\u00e9m revelou que o Fora Temer unifica o Brasil (leia aqui) e que os presidenci\u00e1veis tucanos est\u00e3o entre os pol\u00edticos mais reprovados do Brasil (leia aqui).<\/p>\n<p>&#8220;Entre 20 pol\u00edticos testados na pesquisa Ipsos, Lula tem a maior taxa de aprova\u00e7\u00e3o: 38%. Com 59% de desaprova\u00e7\u00e3o, ele est\u00e1 longe da unanimidade que sonhou ser, mas ganhou sete pontos positivos desde fevereiro. Nenhum outro filiado a partido \u00e9 mais aprovado do que o petista. Aprova\u00e7\u00e3o maior, s\u00f3 de nomes do Judici\u00e1rio&#8221;, informa o jornalista Jos\u00e9 Roberto de Toledo (leia mais aqui).<\/p>\n<p>Lula fica bem \u00e0 frente de outros presidenci\u00e1veis. &#8220;Jo\u00e3o Doria \u00e9 o tucano mais bem colocado no ranking do Ipsos: 45% desaprovam sua atua\u00e7\u00e3o, 16% aprovam e 39% dos brasileiros n\u00e3o o conhecem o suficiente&#8221;, informa Toledo. &#8220;Marina Silva (Rede) tem 62% de desaprova\u00e7\u00e3o e 23% de aprova\u00e7\u00e3o. J\u00e1 o ex-militar Jair Bolsonaro (PSC) \u00e9 desaprovado por 52% e aprovado por 14%.&#8221;<\/p>\n<p>Entre os potenciais presidenci\u00e1veis, apenas Joaquim Barbosa, ex-presidente do Supremo Tribunal Federal, aparece \u00e0 frente de Lula, com 51% de aprova\u00e7\u00e3o.<\/p>\n<p style=\"background: white;\"><strong><span style=\"font-family: 'Georgia','serif'; color: #333333;\">CARIRI EM A\u00c7\u00c3O<\/span><\/strong><\/p>\n<p style=\"background: white;\"><span style=\"font-family: 'Georgia','serif'; color: #333333;\">Com WSCOM\/Foto:Reprodu\u00e7\u00e3o\u00a0<\/span><\/p>\n<p style=\"background: white;\"><strong><span style=\"font-family: 'Georgia','serif'; color: #333333;\">Leia mais not\u00edcias em\u00a0<\/span><\/strong><a href=\"http:\/\/www.caririemacao.com\/\"><b><span style=\"font-family: 'Georgia','serif';\">caririemacao.com<\/span><\/b><\/a><strong><span style=\"font-family: 'Georgia','serif'; color: #333333;\">, siga nossa p\u00e1gina no<\/span><\/strong><a href=\"https:\/\/www.facebook.com\/CaririEmAcao\/\"><b><span style=\"font-family: 'Georgia','serif';\">\u00a0Facebook<\/span><\/b><\/a><strong><span style=\"font-family: 'Georgia','serif'; color: #333333;\">\u00a0e\u00a0<a href=\"https:\/\/www.instagram.com\/cariri_em_acao\/?hl=pt-br\">Instagram<\/a>\u00a0veja nossas mat\u00e9rias e fotos. Voc\u00ea tamb\u00e9m pode enviar informa\u00e7\u00f5es \u00e0 Reda\u00e7\u00e3o do Portal Cariri em A\u00e7\u00e3o pelo WhatsApp (83) 9 9634.5791, (83) 9 9601-1162 ou (83) 9 994189.<\/span><\/strong><\/p>\n","protected":false},"excerpt":{"rendered":"<p>Alvo de um massacre promovido pela Globo e por setores do Poder Judici\u00e1rio, o ex-presidente Luiz In\u00e1cio Lula da Silva ainda \u00e9 o pol\u00edtico mais&hellip; <\/p>\n","protected":false},"author":2,"featured_media":16950,"comment_status":"closed","ping_status":"closed","sticky":false,"template":"","format":"standard","meta":{"sfsi_plus_gutenberg_text_before_share":"","sfsi_plus_gutenberg_show_text_before_share":"","sfsi_plus_gutenberg_icon_type":"","sfsi_plus_gutenberg_icon_alignemt":"","sfsi_plus_gutenburg_max_per_row":"","footnotes":""},"categories":[11],"tags":[],"class_list":["post-16949","post","type-post","status-publish","format-standard","has-post-thumbnail","hentry","category-politica"],"_links":{"self":[{"href":"https:\/\/www.caririemacao.com\/1\/wp-json\/wp\/v2\/posts\/16949","targetHints":{"allow":["GET"]}}],"collection":[{"href":"https:\/\/www.caririemacao.com\/1\/wp-json\/wp\/v2\/posts"}],"about":[{"href":"https:\/\/www.caririemacao.com\/1\/wp-json\/wp\/v2\/types\/post"}],"author":[{"embeddable":true,"href":"https:\/\/www.caririemacao.com\/1\/wp-json\/wp\/v2\/users\/2"}],"replies":[{"embeddable":true,"href":"https:\/\/www.caririemacao.com\/1\/wp-json\/wp\/v2\/comments?post=16949"}],"version-history":[{"count":0,"href":"https:\/\/www.caririemacao.com\/1\/wp-json\/wp\/v2\/posts\/16949\/revisions"}],"wp:featuredmedia":[{"embeddable":true,"href":"https:\/\/www.caririemacao.com\/1\/wp-json\/wp\/v2\/media\/16950"}],"wp:attachment":[{"href":"https:\/\/www.caririemacao.com\/1\/wp-json\/wp\/v2\/media?parent=16949"}],"wp:term":[{"taxonomy":"category","embeddable":true,"href":"https:\/\/www.caririemacao.com\/1\/wp-json\/wp\/v2\/categories?post=16949"},{"taxonomy":"post_tag","embeddable":true,"href":"https:\/\/www.caririemacao.com\/1\/wp-json\/wp\/v2\/tags?post=16949"}],"curies":[{"name":"wp","href":"https:\/\/api.w.org\/{rel}","templated":true}]}}