{"id":169493,"date":"2020-05-14T14:12:38","date_gmt":"2020-05-14T17:12:38","guid":{"rendered":"https:\/\/www.caririemacao.com\/1\/?p=169493"},"modified":"2020-05-14T14:12:38","modified_gmt":"2020-05-14T17:12:38","slug":"policia-federal-conclui-em-2o-inquerito-que-adelio-agiu-sozinho-e-sem-mandantes-no-ataque-a-bolsonaro","status":"publish","type":"post","link":"https:\/\/www.caririemacao.com\/1\/2020\/05\/14\/policia-federal-conclui-em-2o-inquerito-que-adelio-agiu-sozinho-e-sem-mandantes-no-ataque-a-bolsonaro\/","title":{"rendered":"Pol\u00edcia Federal conclui, em 2\u00ba inqu\u00e9rito, que Ad\u00e9lio agiu sozinho e sem mandantes no ataque a Bolsonaro"},"content":{"rendered":"\n<h1 class=\"wp-block-heading\"><\/h1>\n\n\n\n<p>A Pol\u00edcia Federal (PF) concluiu que n\u00e3o houve mandantes para ataque contra o ent\u00e3o candidato \u00e0 presid\u00eancia da Rep\u00fablica Jair Bolsonaro, que concorria pelo PSL, em 2018. De acordo com o segundo inqu\u00e9rito, presidido pelo delegado Rodrigo Morais e entregue nesta quarta-feira (13) \u00e0 Justi\u00e7a Federal, em Juiz de Fora, Zona da Mata Mineira, Ad\u00e9lio Bispo de Oliveira atuou sozinho, por iniciativa pr\u00f3pria, tendo sido respons\u00e1vel pelo planejamento da a\u00e7\u00e3o criminosa e por sua execu\u00e7\u00e3o, n\u00e3o contando, a qualquer tempo, com o apoio de terceiros.<\/p>\n\n\n\n<p>&#8220;O que a investiga\u00e7\u00e3o comprovou foi que o perpetrador, de modo in\u00e9dito, atentou contra a vida de um ent\u00e3o candidato \u00e0 Presid\u00eancia da Rep\u00fablica, com o claro prop\u00f3sito de tirar-lhe a vida&#8221;, destaca o delegado no inqu\u00e9rito.<\/p>\n\n\n\n<p>Ainda de acordo com as investiga\u00e7\u00f5es, n\u00e3o foram comprovadas, por exemplo, a participa\u00e7\u00e3o de agremia\u00e7\u00f5es partid\u00e1rias, fac\u00e7\u00f5es criminosas, grupos terroristas ou mesmo paramilitares em qualquer das fases (cogita\u00e7\u00e3o, prepara\u00e7\u00e3o e execu\u00e7\u00e3o).<\/p>\n\n\n\n<p><strong>Detalhes do inqu\u00e9rito<\/strong><\/p>\n\n\n\n<p>O inqu\u00e9rito investigou minuciosamente todo o material apreendido com Ad\u00e9lio Bispo, como um computador port\u00e1til, aparelhos celulares e documentos. Foram analisados 2 terabytes de arquivos de imagens, 350 horas de v\u00eddeo, 600 documentos e 700 gigabytes de volume de dados de m\u00eddia, al\u00e9m de 1200 fotos.<\/p>\n\n\n\n<p>Ao todo, 23 laudos periciais foram elaborados, 102 pessoas entrevistadas em campo e 89 testemunhas ouvidas no inqu\u00e9rito. Tamb\u00e9m foram realizadas dilig\u00eancias de busca e apreens\u00e3o, quebras de sigilos fiscais, banc\u00e1rios e telef\u00f4nicos.<\/p>\n\n\n\n<p>Durante a investiga\u00e7\u00e3o, a Pol\u00edcia Federal analisou ainda mais de 40 mil e-mails recebidos e enviados em contas registradas por Ad\u00e9lio Bispo. V\u00eddeos e teorias sobre suposta ajuda recebida por Ad\u00e9lio no momento do atentado, veiculadas em redes sociais, tamb\u00e9m foram periciadas por t\u00e9cnicos da corpora\u00e7\u00e3o. Nenhuma dessas dilig\u00eancias apontaram informa\u00e7\u00f5es relevantes.<\/p>\n\n\n\n<p><strong>Relembre<\/strong><\/p>\n\n\n\n<p>O atentado aconteceu em 6 de setembro de 2018, quando Bolsonaro, ainda como candidato a presidente da Rep\u00fablica, participava de um ato de campanha em Juiz de Fora. Ad\u00e9lio Bispo foi preso no mesmo dia e, segundo a Pol\u00edcia Militar de Minas Gerais, confessou ter sido o autor da facada.<\/p>\n\n\n\n<p>O primeiro inqu\u00e9rito, conclu\u00eddo em setembro do mesmo ano, comprovou que Ad\u00e9lio Bispo de Oliveira havia agido sozinho no momento do ataque e que a motiva\u00e7\u00e3o teria sido \u201cindubitavelmente pol\u00edtica\u201d. Ele ent\u00e3o foi indiciado por pr\u00e1tica de atentado pessoal por inconformismo pol\u00edtico, crime previsto na Lei de Seguran\u00e7a Nacional.<\/p>\n\n\n\n<p>Em mar\u00e7o do ano passado, um laudo feito por peritos indicados pela Justi\u00e7a Federal apontou que Ad\u00e9lio Bispo sofria de uma doen\u00e7a mental e que n\u00e3o poderia ser punido criminalmente pelo fato. De acordo com o laudo, o agressor tem a doen\u00e7a chamada transtorno delirante permanente paranoide e, por isso, conforme o documento, foi considerado inimput\u00e1vel.<\/p>\n\n\n\n<p><strong>O que resta<\/strong><\/p>\n\n\n\n<p>A \u00fanica dilig\u00eancia pendente no inqu\u00e9rito feito pela Pol\u00edcia Federal permanece na an\u00e1lise de conte\u00fado do celular do advogado Zanone Manoel de Oliveira J\u00fanior, que prestou defesa de Ad\u00e9lio desde o dia seguinte da facada.<\/p>\n\n\n\n<p>O aparelho foi apreendido durante opera\u00e7\u00e3o de busca e apreens\u00e3o, mas, por a\u00e7\u00e3o da Ordem dos Advogados do Brasil (OAB) impetrada no Tribunal Regional Federal (TRF-1), a per\u00edcia no celular seria ilegal. O TRF-1 submeteu a an\u00e1lise da a\u00e7\u00e3o ao Supremo Tribunal Federal (STF), que ainda n\u00e3o autorizou nem negou as dilig\u00eancias da PF no aparelho.<\/p>\n","protected":false},"excerpt":{"rendered":"<p>A Pol\u00edcia Federal (PF) concluiu que n\u00e3o houve mandantes para ataque contra o ent\u00e3o candidato \u00e0 presid\u00eancia da Rep\u00fablica Jair Bolsonaro, que concorria pelo PSL,&hellip; <\/p>\n","protected":false},"author":2,"featured_media":169494,"comment_status":"closed","ping_status":"closed","sticky":false,"template":"","format":"standard","meta":{"sfsi_plus_gutenberg_text_before_share":"","sfsi_plus_gutenberg_show_text_before_share":"","sfsi_plus_gutenberg_icon_type":"","sfsi_plus_gutenberg_icon_alignemt":"","sfsi_plus_gutenburg_max_per_row":"","footnotes":""},"categories":[12],"tags":[],"class_list":["post-169493","post","type-post","status-publish","format-standard","has-post-thumbnail","hentry","category-policia"],"_links":{"self":[{"href":"https:\/\/www.caririemacao.com\/1\/wp-json\/wp\/v2\/posts\/169493","targetHints":{"allow":["GET"]}}],"collection":[{"href":"https:\/\/www.caririemacao.com\/1\/wp-json\/wp\/v2\/posts"}],"about":[{"href":"https:\/\/www.caririemacao.com\/1\/wp-json\/wp\/v2\/types\/post"}],"author":[{"embeddable":true,"href":"https:\/\/www.caririemacao.com\/1\/wp-json\/wp\/v2\/users\/2"}],"replies":[{"embeddable":true,"href":"https:\/\/www.caririemacao.com\/1\/wp-json\/wp\/v2\/comments?post=169493"}],"version-history":[{"count":1,"href":"https:\/\/www.caririemacao.com\/1\/wp-json\/wp\/v2\/posts\/169493\/revisions"}],"predecessor-version":[{"id":169495,"href":"https:\/\/www.caririemacao.com\/1\/wp-json\/wp\/v2\/posts\/169493\/revisions\/169495"}],"wp:featuredmedia":[{"embeddable":true,"href":"https:\/\/www.caririemacao.com\/1\/wp-json\/wp\/v2\/media\/169494"}],"wp:attachment":[{"href":"https:\/\/www.caririemacao.com\/1\/wp-json\/wp\/v2\/media?parent=169493"}],"wp:term":[{"taxonomy":"category","embeddable":true,"href":"https:\/\/www.caririemacao.com\/1\/wp-json\/wp\/v2\/categories?post=169493"},{"taxonomy":"post_tag","embeddable":true,"href":"https:\/\/www.caririemacao.com\/1\/wp-json\/wp\/v2\/tags?post=169493"}],"curies":[{"name":"wp","href":"https:\/\/api.w.org\/{rel}","templated":true}]}}