{"id":169497,"date":"2020-05-14T14:41:26","date_gmt":"2020-05-14T17:41:26","guid":{"rendered":"https:\/\/www.caririemacao.com\/1\/?p=169497"},"modified":"2020-05-14T14:41:26","modified_gmt":"2020-05-14T17:41:26","slug":"prefeitura-de-sume-e-ong-afink-estao-distribuindo-mudas-de-plantas-frutiferas-e-ornamentais","status":"publish","type":"post","link":"https:\/\/www.caririemacao.com\/1\/2020\/05\/14\/prefeitura-de-sume-e-ong-afink-estao-distribuindo-mudas-de-plantas-frutiferas-e-ornamentais\/","title":{"rendered":"Prefeitura de Sum\u00e9 e Ong AFINK est\u00e3o distribuindo mudas de plantas frut\u00edferas e ornamentais"},"content":{"rendered":"\n<p>Mudas de plantas frut\u00edferas e ornamentais nativas est\u00e3o sendo distribu\u00eddas no munic\u00edpio de Sum\u00e9, atrav\u00e9s de uma parceria firmada entre a Prefeitura de Sum\u00e9 e a ONG AFINK (Associa\u00e7\u00e3o de Forma\u00e7\u00e3o e Incentivo para o Nordeste Karente).<\/p>\n\n\n\n<p>Atrav\u00e9s do Projeto: \u201cMuda: Mude de Vida, Plante uma \u00c1rvore\u201d, a ONG AFINK, localizada no munic\u00edpio de Araruna \u2013 PB, tem distribu\u00eddo mudas de diversas plantas por todo Estado da Para\u00edba, contribuindo com a conserva\u00e7\u00e3o e preserva\u00e7\u00e3o do meio ambiente equilibrado no Bioma Caatinga, al\u00e9m de contribuir com a produ\u00e7\u00e3o agropecu\u00e1ria por meio de mudas de plantas que contribuem com a seguran\u00e7a e soberania alimentar de humanos e animais.<\/p>\n\n\n\n<div class=\"wp-block-image\"><figure class=\"alignright\"><a href=\"https:\/\/www.sume.pb.gov.br\/wp-content\/uploads\/2020\/05\/WhatsApp-Image-2020-05-08-at-11.01.46.jpeg\"><img decoding=\"async\" data-src=\"https:\/\/www.sume.pb.gov.br\/wp-content\/uploads\/2020\/05\/WhatsApp-Image-2020-05-08-at-11.01.46-300x225.jpeg\" alt=\"\" class=\"wp-image-10096 lazyload\" src=\"data:image\/svg+xml;base64,PHN2ZyB3aWR0aD0iMSIgaGVpZ2h0PSIxIiB4bWxucz0iaHR0cDovL3d3dy53My5vcmcvMjAwMC9zdmciPjwvc3ZnPg==\" style=\"--smush-placeholder-width: 300px; --smush-placeholder-aspect-ratio: 300\/225;\" \/><\/a><\/figure><\/div>\n\n\n\n<p>Neste sentido, a Prefeitura de Sum\u00e9 firmou parceria com a ONG AFINK para distribui\u00e7\u00e3o de mudas&nbsp; de plantas e outras a\u00e7\u00f5es socioambientais que tamb\u00e9m ser\u00e3o desenvolvidas no munic\u00edpio de Sum\u00e9.<\/p>\n\n\n\n<p>Entre as mudas distribu\u00eddas est\u00e3o goiaba, rom\u00e3, craibeira, ip\u00ea roxo, ip\u00ea rosa, ip\u00ea de jardim, flamboyant e jacarand\u00e1.<\/p>\n\n\n\n<p>Os agricultores, produtores rurais e demais interessados em receber as mudas de plantas devem se dirigir \u00e0 Secretaria de Agricultura de Sum\u00e9 e procurar os servidores respons\u00e1veis pela distribui\u00e7\u00e3o das mudas, ou podem entrar em contato com os presidentes das Associa\u00e7\u00f5es Comunit\u00e1rias Rurais do Munic\u00edpio.<\/p>\n\n\n\n<p>\u201cA forma\u00e7\u00e3o e manuten\u00e7\u00e3o de parcerias \u00e9 de fundamental import\u00e2ncia para as nossas a\u00e7\u00f5es, uma vez que os recursos s\u00e3o limitados e as necessidades da popula\u00e7\u00e3o ilimitadas, sem o apoio de Institui\u00e7\u00f5es como a AFINK, e outras, n\u00e3o ter\u00edamos realizado a grande quantidade de a\u00e7\u00f5es que temos feito pela popula\u00e7\u00e3o de Sum\u00e9\u201d, declarou o prefeito \u00c9den Duarte.<\/p>\n\n\n\n<p>Ascom PMS<\/p>\n","protected":false},"excerpt":{"rendered":"<p>Mudas de plantas frut\u00edferas e ornamentais nativas est\u00e3o sendo distribu\u00eddas no munic\u00edpio de Sum\u00e9, atrav\u00e9s de uma parceria firmada entre a Prefeitura de Sum\u00e9 e&hellip; <\/p>\n","protected":false},"author":1,"featured_media":169498,"comment_status":"closed","ping_status":"closed","sticky":false,"template":"","format":"standard","meta":{"sfsi_plus_gutenberg_text_before_share":"","sfsi_plus_gutenberg_show_text_before_share":"","sfsi_plus_gutenberg_icon_type":"","sfsi_plus_gutenberg_icon_alignemt":"","sfsi_plus_gutenburg_max_per_row":"","footnotes":""},"categories":[6,50],"tags":[],"class_list":["post-169497","post","type-post","status-publish","format-standard","has-post-thumbnail","hentry","category-cidades","category-destaque"],"_links":{"self":[{"href":"https:\/\/www.caririemacao.com\/1\/wp-json\/wp\/v2\/posts\/169497","targetHints":{"allow":["GET"]}}],"collection":[{"href":"https:\/\/www.caririemacao.com\/1\/wp-json\/wp\/v2\/posts"}],"about":[{"href":"https:\/\/www.caririemacao.com\/1\/wp-json\/wp\/v2\/types\/post"}],"author":[{"embeddable":true,"href":"https:\/\/www.caririemacao.com\/1\/wp-json\/wp\/v2\/users\/1"}],"replies":[{"embeddable":true,"href":"https:\/\/www.caririemacao.com\/1\/wp-json\/wp\/v2\/comments?post=169497"}],"version-history":[{"count":1,"href":"https:\/\/www.caririemacao.com\/1\/wp-json\/wp\/v2\/posts\/169497\/revisions"}],"predecessor-version":[{"id":169499,"href":"https:\/\/www.caririemacao.com\/1\/wp-json\/wp\/v2\/posts\/169497\/revisions\/169499"}],"wp:featuredmedia":[{"embeddable":true,"href":"https:\/\/www.caririemacao.com\/1\/wp-json\/wp\/v2\/media\/169498"}],"wp:attachment":[{"href":"https:\/\/www.caririemacao.com\/1\/wp-json\/wp\/v2\/media?parent=169497"}],"wp:term":[{"taxonomy":"category","embeddable":true,"href":"https:\/\/www.caririemacao.com\/1\/wp-json\/wp\/v2\/categories?post=169497"},{"taxonomy":"post_tag","embeddable":true,"href":"https:\/\/www.caririemacao.com\/1\/wp-json\/wp\/v2\/tags?post=169497"}],"curies":[{"name":"wp","href":"https:\/\/api.w.org\/{rel}","templated":true}]}}