{"id":169500,"date":"2020-05-14T14:43:31","date_gmt":"2020-05-14T17:43:31","guid":{"rendered":"https:\/\/www.caririemacao.com\/1\/?p=169500"},"modified":"2020-05-14T14:43:31","modified_gmt":"2020-05-14T17:43:31","slug":"coronavirus-prefeitura-de-sume-determina-medidas-de-prevencao-para-velorios-e-sepultamentos","status":"publish","type":"post","link":"https:\/\/www.caririemacao.com\/1\/2020\/05\/14\/coronavirus-prefeitura-de-sume-determina-medidas-de-prevencao-para-velorios-e-sepultamentos\/","title":{"rendered":"Coronav\u00edrus: Prefeitura de Sum\u00e9 determina medidas de preven\u00e7\u00e3o para vel\u00f3rios e sepultamentos"},"content":{"rendered":"\n<p>O prefeito \u00c9den Duarte, adotou mais uma medida de preven\u00e7\u00e3o para evitar o cont\u00e1gio da Covid-19, no munic\u00edpio de Sum\u00e9.<\/p>\n\n\n\n<p>Nesta quinta-feira (14) foi expedido o decreto 1.328\/2020, que estabelece recomenda\u00e7\u00f5es para a realiza\u00e7\u00e3o de&nbsp;<strong>vel\u00f3rios<\/strong>,&nbsp;<strong>funerais e sepultamentos<\/strong>, sejam p\u00fablicos ou privados, de acordo com as medidas de preven\u00e7\u00e3o ao novo coronav\u00edrus.<\/p>\n\n\n\n<p>O decreto passa a valer a partir desta quinta-feira (14) e os servi\u00e7os dever\u00e3o seguir as seguintes recomenda\u00e7\u00f5es:<\/p>\n\n\n\n<p>1 \u2013 disponibilizar \u00e1gua, sab\u00e3o, papel toalha e \u00e1lcool gel a 70% para higieniza\u00e7\u00e3o das m\u00e3os durante todo o vel\u00f3rio;<\/p>\n\n\n\n<p>2 \u2013 disponibilizar a urna (caix\u00e3o) em local aberto ou ventilado;<\/p>\n\n\n\n<p>3 \u2013 evitar, especialmente, a presen\u00e7a de pessoas que perten\u00e7am ao grupo de risco para agravamento da COVID-19: idade igual ou superior a 60 anos, gestantes, lactantes, portadores de doen\u00e7as cr\u00f4nicas e imunodeprimidos;<\/p>\n\n\n\n<p>4 \u2013 n\u00e3o permitir a presen\u00e7a de pessoas com sintomas respirat\u00f3rios. Caso seja imprescind\u00edvel, elas devem usar m\u00e1scara cir\u00fargica comum, permanecendo o m\u00ednimo poss\u00edvel no local e evitar o contato f\u00edsico com os demais;<\/p>\n\n\n\n<p>5 \u2013 n\u00e3o permitir a disponibiliza\u00e7\u00e3o de alimentos. Para bebidas, devem-se observar as medidas de n\u00e3o compartilhamento de copos;<\/p>\n\n\n\n<p>6 \u2013 A cerim\u00f4nia de sepultamento n\u00e3o deve contar com aglomerado de pessoas, respeitando a dist\u00e2ncia m\u00ednima de, pelo menos, 2 (dois) metros entre elas, bem como outras medidas de distanciamento social e de etiqueta respirat\u00f3ria.<\/p>\n\n\n\n<p>7 \u2013 Recomenda-se que o enterro ocorra com no m\u00e1ximo 10 (dez) pessoas, em especial familiares, n\u00e3o pelo risco biol\u00f3gico do corpo, mas sim pela contraindica\u00e7\u00e3o de aglomera\u00e7\u00f5es.<\/p>\n\n\n\n<p>8 \u2013 N\u00e3o ser\u00e3o recomendados, durante o per\u00edodo da pandemia, vel\u00f3rios e funerais de pacientes confirmados ou suspeitos da COVID-19.<\/p>\n\n\n\n<p>Clique e confira:\u00a0<a href=\"https:\/\/www.sume.pb.gov.br\/wp-content\/uploads\/2020\/05\/Decreto-1.327-Estabelece-recomenda%C3%A7%C3%B5es-para-a-realiza%C3%A7%C3%A3o-de-servi%C3%A7os-p%C3%BAblicos-e-privados-de-vel%C3%B3rios-funerais-e-sepultamentos-de-acordo-com-as-medidas-de-preven%C3%A7%C3%A3o-ao-Coronavirus.pdf\">Decreto 1.327 \u2013 Estabelece recomenda\u00e7\u00f5es para a realiza\u00e7\u00e3o de servi\u00e7os p\u00fablicos e privados de vel\u00f3rios, funerais e sepultamentos, de acordo com as medidas de preven\u00e7\u00e3o ao Coronavirus<\/a><\/p>\n\n\n\n<p>Ascom PMS<\/p>\n","protected":false},"excerpt":{"rendered":"<p>O prefeito \u00c9den Duarte, adotou mais uma medida de preven\u00e7\u00e3o para evitar o cont\u00e1gio da Covid-19, no munic\u00edpio de Sum\u00e9. Nesta quinta-feira (14) foi expedido&hellip; <\/p>\n","protected":false},"author":1,"featured_media":169501,"comment_status":"closed","ping_status":"closed","sticky":false,"template":"","format":"standard","meta":{"sfsi_plus_gutenberg_text_before_share":"","sfsi_plus_gutenberg_show_text_before_share":"","sfsi_plus_gutenberg_icon_type":"","sfsi_plus_gutenberg_icon_alignemt":"","sfsi_plus_gutenburg_max_per_row":"","footnotes":""},"categories":[6,50],"tags":[],"class_list":["post-169500","post","type-post","status-publish","format-standard","has-post-thumbnail","hentry","category-cidades","category-destaque"],"_links":{"self":[{"href":"https:\/\/www.caririemacao.com\/1\/wp-json\/wp\/v2\/posts\/169500","targetHints":{"allow":["GET"]}}],"collection":[{"href":"https:\/\/www.caririemacao.com\/1\/wp-json\/wp\/v2\/posts"}],"about":[{"href":"https:\/\/www.caririemacao.com\/1\/wp-json\/wp\/v2\/types\/post"}],"author":[{"embeddable":true,"href":"https:\/\/www.caririemacao.com\/1\/wp-json\/wp\/v2\/users\/1"}],"replies":[{"embeddable":true,"href":"https:\/\/www.caririemacao.com\/1\/wp-json\/wp\/v2\/comments?post=169500"}],"version-history":[{"count":1,"href":"https:\/\/www.caririemacao.com\/1\/wp-json\/wp\/v2\/posts\/169500\/revisions"}],"predecessor-version":[{"id":169502,"href":"https:\/\/www.caririemacao.com\/1\/wp-json\/wp\/v2\/posts\/169500\/revisions\/169502"}],"wp:featuredmedia":[{"embeddable":true,"href":"https:\/\/www.caririemacao.com\/1\/wp-json\/wp\/v2\/media\/169501"}],"wp:attachment":[{"href":"https:\/\/www.caririemacao.com\/1\/wp-json\/wp\/v2\/media?parent=169500"}],"wp:term":[{"taxonomy":"category","embeddable":true,"href":"https:\/\/www.caririemacao.com\/1\/wp-json\/wp\/v2\/categories?post=169500"},{"taxonomy":"post_tag","embeddable":true,"href":"https:\/\/www.caririemacao.com\/1\/wp-json\/wp\/v2\/tags?post=169500"}],"curies":[{"name":"wp","href":"https:\/\/api.w.org\/{rel}","templated":true}]}}