{"id":169506,"date":"2020-05-14T15:08:03","date_gmt":"2020-05-14T18:08:03","guid":{"rendered":"https:\/\/www.caririemacao.com\/1\/?p=169506"},"modified":"2020-05-14T15:08:03","modified_gmt":"2020-05-14T18:08:03","slug":"pm-que-ironizou-o-isolamento-social-pela-web-morre-de-coronavirus-em-sp","status":"publish","type":"post","link":"https:\/\/www.caririemacao.com\/1\/2020\/05\/14\/pm-que-ironizou-o-isolamento-social-pela-web-morre-de-coronavirus-em-sp\/","title":{"rendered":"PM que ironizou o isolamento social pela web morre de coronav\u00edrus em SP"},"content":{"rendered":"\n<p>Um policial militar de Guaruj\u00e1, no litoral de S\u00e3o Paulo, morreu devido a complica\u00e7\u00f5es causadas pelo novo coronav\u00edrus nesta quinta-feira (14). De acordo com informa\u00e7\u00f5es apuradas pelo&nbsp;<strong>G1<\/strong>&nbsp;com pessoas pr\u00f3ximas, a v\u00edtima era contra o isolamento social e \u00e0s medidas adotadas em preven\u00e7\u00e3o \u00e0 pandemia causada pela Covid-19.<\/p>\n\n\n\n<p>O cabo Ricardo Valentim da Silva, de 47 anos, atuava no 21\u00b0 Batalh\u00e3o da Pol\u00edcia Militar, em Guaruj\u00e1. Ele faleceu ap\u00f3s passar mal e ser internado no Hospital Santo Expedito, em Santos, onde foi diagnosticado com Covid-19 poucos dias depois. As informa\u00e7\u00f5es foram confirmadas pela assessoria de imprensa da PM.<\/p>\n\n\n\n<p>Nas redes sociais, Ricardo se posicionava com frequ\u00eancia contra as medidas de isolamento social adotadas pelas autoridades p\u00fablicas. Um v\u00eddeo compartilhado em seu perfil criticava a decis\u00e3o do infectologista David Uip de\u00a0n\u00e3o revelar os medicamentos usados em sua recupera\u00e7\u00e3o\u00a0ao contrair a doen\u00e7a, em abril.<\/p>\n\n\n\n<blockquote class=\"wp-block-quote is-layout-flow wp-block-quote-is-layout-flow\"><p>&#8220;Fica em casa que a Sabesp e a CPFL vem te lembrar com servidores da empresa cortando os mesmos&#8221;, disse, ironizando uma publica\u00e7\u00e3o que pedia pelo isolamento social.<\/p><\/blockquote>\n\n\n\n<p>O policial chegou a chamar as medidas de isolamento social de &#8216;jogo pol\u00edtico&#8217; em algumas publica\u00e7\u00f5es.<\/p>\n\n\n\n<figure class=\"wp-block-image\"><img decoding=\"async\" data-src=\"https:\/\/s2.glbimg.com\/IBWY_xveJy2_siolTL27DdQO0Fk=\/0x0:526x710\/984x0\/smart\/filters:strip_icc()\/i.s3.glbimg.com\/v1\/AUTH_59edd422c0c84a879bd37670ae4f538a\/internal_photos\/bs\/2020\/m\/F\/PDlVCAQ3A5ta71u6XnYg\/pm-2-.jpeg\" alt=\"Em publica\u00e7\u00f5es nas redes sociais, PM ironizava pedido das autoridades e imprensa por isolamento social. \u2014 Foto: Reprodu\u00e7\u00e3o\/Facebook\" src=\"data:image\/svg+xml;base64,PHN2ZyB3aWR0aD0iMSIgaGVpZ2h0PSIxIiB4bWxucz0iaHR0cDovL3d3dy53My5vcmcvMjAwMC9zdmciPjwvc3ZnPg==\" class=\"lazyload\" \/><\/figure>\n\n\n\n<p>Em publica\u00e7\u00f5es nas redes sociais, PM ironizava pedido das autoridades e imprensa por isolamento social. \u2014 Foto: Reprodu\u00e7\u00e3o\/Facebook<\/p>\n\n\n\n<p>Nas redes sociais, familiares, amigos e a comunidade de Guaruj\u00e1 repercutiram e lamentaram a morte do policial, que deixou esposa e um filho. &#8220;Estamos sem ch\u00e3o, vivendo um pesadelo&#8221;, lamentou uma familiar em uma das homenagens. &#8220;N\u00e3o consigo nem pensar como ficaremos sem voc\u00ea, a divers\u00e3o da nossa fam\u00edlia&#8221;, completou.<\/p>\n\n\n\n<p>Em outra publica\u00e7\u00e3o, uma amiga da fam\u00edlia diz que faltam palavras para descrever o luto. &#8220;Palavras me faltam nesta hora, mas queremos lembrar [de voc\u00ea] assim, como uma pessoa incr\u00edvel&#8221;, diz. &#8220;Aonde nos encontr\u00e1vamos era uma festa. Ainda estou sem acreditar&#8221;, lamenta.<\/p>\n\n\n\n<figure class=\"wp-block-image\"><img decoding=\"async\" data-src=\"https:\/\/s2.glbimg.com\/hzTv3SdfuInncDEol1a8tA0aLEQ=\/0x0:640x640\/984x0\/smart\/filters:strip_icc()\/i.s3.glbimg.com\/v1\/AUTH_59edd422c0c84a879bd37670ae4f538a\/internal_photos\/bs\/2020\/j\/U\/esvDkBRVqu75S83m1sLA\/pm2.jpeg\" alt=\"Policial Militar se posicionava nas redes sociais contra as medidas de isolamento social. \u2014 Foto: Reprodu\u00e7\u00e3o\/Facebook\" src=\"data:image\/svg+xml;base64,PHN2ZyB3aWR0aD0iMSIgaGVpZ2h0PSIxIiB4bWxucz0iaHR0cDovL3d3dy53My5vcmcvMjAwMC9zdmciPjwvc3ZnPg==\" class=\"lazyload\" \/><\/figure>\n\n\n\n<p>Policial Militar se posicionava nas redes sociais contra as medidas de isolamento social. \u2014 Foto: Reprodu\u00e7\u00e3o\/Facebook<\/p>\n\n\n\n<p>A\u00a0Baixada Santista, no litoral paulista, ultrapassou a marca de 3 mil casos confirmados\u00a0e somou mais de 200 mortes por Covid-19, de acordo com os dados atualizados na noite desta quarta-feira (13). Agora, a regi\u00e3o tem 3.224 casos e 206 mortes, segundo os boletins divulgados pelas nove cidades. No total, s\u00e3o 1.737 casos suspeitos, 427 pacientes internados em hospitais, 49 mortes sob investiga\u00e7\u00e3o e 1.160 pacientes que se recuperaram da doen\u00e7a.<\/p>\n\n\n\n<p>Entre ter\u00e7a (12) e esta quarta-feira, a regi\u00e3o teve um aumento de 299 casos positivos do novo coronav\u00edrus. Em 24 horas, sete das nove cidades da Baixada Santista registraram novos casos, apenas Mongagu\u00e1 e Bertioga mantiveram o mesmo n\u00famero. Santos permanece com o maior n\u00famero de casos confirmados e \u00f3bitos.<\/p>\n\n\n\n<p>Com G1<\/p>\n","protected":false},"excerpt":{"rendered":"<p>Um policial militar de Guaruj\u00e1, no litoral de S\u00e3o Paulo, morreu devido a complica\u00e7\u00f5es causadas pelo novo coronav\u00edrus nesta quinta-feira (14). De acordo com informa\u00e7\u00f5es&hellip; <\/p>\n","protected":false},"author":1,"featured_media":169507,"comment_status":"closed","ping_status":"closed","sticky":false,"template":"","format":"standard","meta":{"sfsi_plus_gutenberg_text_before_share":"","sfsi_plus_gutenberg_show_text_before_share":"","sfsi_plus_gutenberg_icon_type":"","sfsi_plus_gutenberg_icon_alignemt":"","sfsi_plus_gutenburg_max_per_row":"","footnotes":""},"categories":[50,2],"tags":[],"class_list":["post-169506","post","type-post","status-publish","format-standard","has-post-thumbnail","hentry","category-destaque","category-geral"],"_links":{"self":[{"href":"https:\/\/www.caririemacao.com\/1\/wp-json\/wp\/v2\/posts\/169506","targetHints":{"allow":["GET"]}}],"collection":[{"href":"https:\/\/www.caririemacao.com\/1\/wp-json\/wp\/v2\/posts"}],"about":[{"href":"https:\/\/www.caririemacao.com\/1\/wp-json\/wp\/v2\/types\/post"}],"author":[{"embeddable":true,"href":"https:\/\/www.caririemacao.com\/1\/wp-json\/wp\/v2\/users\/1"}],"replies":[{"embeddable":true,"href":"https:\/\/www.caririemacao.com\/1\/wp-json\/wp\/v2\/comments?post=169506"}],"version-history":[{"count":1,"href":"https:\/\/www.caririemacao.com\/1\/wp-json\/wp\/v2\/posts\/169506\/revisions"}],"predecessor-version":[{"id":169508,"href":"https:\/\/www.caririemacao.com\/1\/wp-json\/wp\/v2\/posts\/169506\/revisions\/169508"}],"wp:featuredmedia":[{"embeddable":true,"href":"https:\/\/www.caririemacao.com\/1\/wp-json\/wp\/v2\/media\/169507"}],"wp:attachment":[{"href":"https:\/\/www.caririemacao.com\/1\/wp-json\/wp\/v2\/media?parent=169506"}],"wp:term":[{"taxonomy":"category","embeddable":true,"href":"https:\/\/www.caririemacao.com\/1\/wp-json\/wp\/v2\/categories?post=169506"},{"taxonomy":"post_tag","embeddable":true,"href":"https:\/\/www.caririemacao.com\/1\/wp-json\/wp\/v2\/tags?post=169506"}],"curies":[{"name":"wp","href":"https:\/\/api.w.org\/{rel}","templated":true}]}}