{"id":169509,"date":"2020-05-14T15:14:27","date_gmt":"2020-05-14T18:14:27","guid":{"rendered":"https:\/\/www.caririemacao.com\/1\/?p=169509"},"modified":"2020-05-14T15:14:27","modified_gmt":"2020-05-14T18:14:27","slug":"prefeita-anna-lorena-recebe-visitas-de-pastores-evangelicos-e-ratifica-parceria-em-tempos-de-coronavirus","status":"publish","type":"post","link":"https:\/\/www.caririemacao.com\/1\/2020\/05\/14\/prefeita-anna-lorena-recebe-visitas-de-pastores-evangelicos-e-ratifica-parceria-em-tempos-de-coronavirus\/","title":{"rendered":"Prefeita Anna Lorena recebe visitas de pastores evang\u00e9licos e ratifica parceria em tempos de coronav\u00edrus"},"content":{"rendered":"\n<p>A prefeita de Monteiro Anna Lorena recebeu no decorrer da manh\u00e3 de quarta-feira, 13, as visitas de lideran\u00e7as religiosas de Campina Grande e de Monteiro.<\/p>\n\n\n\n<p>Cada uma das visitas teve o objetivo de trocar experi\u00eancias e id\u00e9ias sobre a import\u00e2ncia e o papel das denomina\u00e7\u00f5es religiosas durante o atual momento de pandemia mundial que estamos atravessando.<\/p>\n\n\n\n<p>O Pastor Josimar Henrique, que \u00e9 vereador na cidade de Campina Grande elogiou o relacionamento e as parcerias firmadas entre a gest\u00e3o de Monteiro e as igrejas, em especial evang\u00e9licas neste momento em que toda a uni\u00e3o \u00e9 necess\u00e1ria.<\/p>\n\n\n\n<p>A prefeita tamb\u00e9m recebeu no decorrer do dia, o pastor da Igreja Universal de Monteiro Edson Ara\u00fajo; Pastor Adeilton Florentino da Silva da Igreja Congregacional de Jos\u00e9 Pinheiro em Campina Grande; Pastor Adalgiso Florentino tamb\u00e9m da Igreja Congregacional de Jos\u00e9 Pinheiro em Campina Grande e o Pastor Claudio da Igreja Shekinah.<\/p>\n\n\n\n<p>\u201cNestes momentos dif\u00edceis que vivemos, \u00e9 muito bom saber que no Cariri existe uma gestora, que chega junto nos momentos dif\u00edceis, e que reconhece o papel social das igrejas, sem contar a import\u00e2ncia do amparo espiritual e at\u00e9 mesmo psicol\u00f3gico que prestamos\u201d, disse o pastor e vereador campinense Josimar Henrique.<\/p>\n","protected":false},"excerpt":{"rendered":"<p>A prefeita de Monteiro Anna Lorena recebeu no decorrer da manh\u00e3 de quarta-feira, 13, as visitas de lideran\u00e7as religiosas de Campina Grande e de Monteiro.&hellip; <\/p>\n","protected":false},"author":1,"featured_media":169514,"comment_status":"closed","ping_status":"closed","sticky":false,"template":"","format":"standard","meta":{"sfsi_plus_gutenberg_text_before_share":"","sfsi_plus_gutenberg_show_text_before_share":"","sfsi_plus_gutenberg_icon_type":"","sfsi_plus_gutenberg_icon_alignemt":"","sfsi_plus_gutenburg_max_per_row":"","footnotes":""},"categories":[6,50],"tags":[],"class_list":["post-169509","post","type-post","status-publish","format-standard","has-post-thumbnail","hentry","category-cidades","category-destaque"],"_links":{"self":[{"href":"https:\/\/www.caririemacao.com\/1\/wp-json\/wp\/v2\/posts\/169509","targetHints":{"allow":["GET"]}}],"collection":[{"href":"https:\/\/www.caririemacao.com\/1\/wp-json\/wp\/v2\/posts"}],"about":[{"href":"https:\/\/www.caririemacao.com\/1\/wp-json\/wp\/v2\/types\/post"}],"author":[{"embeddable":true,"href":"https:\/\/www.caririemacao.com\/1\/wp-json\/wp\/v2\/users\/1"}],"replies":[{"embeddable":true,"href":"https:\/\/www.caririemacao.com\/1\/wp-json\/wp\/v2\/comments?post=169509"}],"version-history":[{"count":1,"href":"https:\/\/www.caririemacao.com\/1\/wp-json\/wp\/v2\/posts\/169509\/revisions"}],"predecessor-version":[{"id":169515,"href":"https:\/\/www.caririemacao.com\/1\/wp-json\/wp\/v2\/posts\/169509\/revisions\/169515"}],"wp:featuredmedia":[{"embeddable":true,"href":"https:\/\/www.caririemacao.com\/1\/wp-json\/wp\/v2\/media\/169514"}],"wp:attachment":[{"href":"https:\/\/www.caririemacao.com\/1\/wp-json\/wp\/v2\/media?parent=169509"}],"wp:term":[{"taxonomy":"category","embeddable":true,"href":"https:\/\/www.caririemacao.com\/1\/wp-json\/wp\/v2\/categories?post=169509"},{"taxonomy":"post_tag","embeddable":true,"href":"https:\/\/www.caririemacao.com\/1\/wp-json\/wp\/v2\/tags?post=169509"}],"curies":[{"name":"wp","href":"https:\/\/api.w.org\/{rel}","templated":true}]}}