{"id":169516,"date":"2020-05-14T15:18:06","date_gmt":"2020-05-14T18:18:06","guid":{"rendered":"https:\/\/www.caririemacao.com\/1\/?p=169516"},"modified":"2020-05-14T15:18:06","modified_gmt":"2020-05-14T18:18:06","slug":"prefeitura-de-monteiro-promove-semana-de-enfrentamento-a-violencia-sexual-contra-criancas-e-adolescentes","status":"publish","type":"post","link":"https:\/\/www.caririemacao.com\/1\/2020\/05\/14\/prefeitura-de-monteiro-promove-semana-de-enfrentamento-a-violencia-sexual-contra-criancas-e-adolescentes\/","title":{"rendered":"Prefeitura de Monteiro promove semana de enfrentamento \u00e0 viol\u00eancia sexual contra crian\u00e7as e adolescentes"},"content":{"rendered":"\n<p>Objetivando conscientizar a popula\u00e7\u00e3o, a Prefeitura de Monteiro por meio de suas entidades assistenciais, est\u00e1 realizando diversas atividades em prol do dia 18 de Maio \u2013 Dia do Enfrentamento \u00e0 Viol\u00eancia Sexual contra Crian\u00e7as e Adolescentes.<\/p>\n\n\n\n<p>Em tempos de pandemia, a Secretaria de Desenvolvimento Social resolveu adotar uma estrat\u00e9gia criativa, por\u00e9m bastante efetiva na realiza\u00e7\u00e3o de sua programa\u00e7\u00e3o.<\/p>\n\n\n\n<p>At\u00e9 a pr\u00f3xima segunda feira, 18, est\u00e3o sendo realizadas atividades como: reuni\u00f5es remotas atrav\u00e9s do aplicativo ZOOM; contato via telefone e whatsapp com fam\u00edlias de crian\u00e7as e adolescentes onde h\u00e1 uma conversa informativa com os mesmos sobre o tema, e ainda o envio de v\u00eddeos atrav\u00e9s do whatsapp para este p\u00fablico alvo, inclusive com o apoio da Secretaria de Educa\u00e7\u00e3o que tem colaborado servindo como elo de liga\u00e7\u00e3o entre as equipes e os jovens.<\/p>\n\n\n\n<p>Na pr\u00f3xima segunda feira, 18, Dia do Enfrentamento \u00e0 Viol\u00eancia Sexual contra Crian\u00e7as e Adolescentes, est\u00e1 agendada uma ampla entrevista na r\u00e1dio PARA\u00cdBA DA GENTE, no programa Ponto de Debate com o radialista Edvaldo Reis \u00e0 partir das 11 horas da manh\u00e3 com as equipes envolvidas nos trabalhos, dando todas as orienta\u00e7\u00f5es sobre esta importante causa.<\/p>\n","protected":false},"excerpt":{"rendered":"<p>Objetivando conscientizar a popula\u00e7\u00e3o, a Prefeitura de Monteiro por meio de suas entidades assistenciais, est\u00e1 realizando diversas atividades em prol do dia 18 de Maio&hellip; <\/p>\n","protected":false},"author":1,"featured_media":169520,"comment_status":"closed","ping_status":"closed","sticky":false,"template":"","format":"standard","meta":{"sfsi_plus_gutenberg_text_before_share":"","sfsi_plus_gutenberg_show_text_before_share":"","sfsi_plus_gutenberg_icon_type":"","sfsi_plus_gutenberg_icon_alignemt":"","sfsi_plus_gutenburg_max_per_row":"","footnotes":""},"categories":[6,50],"tags":[],"class_list":["post-169516","post","type-post","status-publish","format-standard","has-post-thumbnail","hentry","category-cidades","category-destaque"],"_links":{"self":[{"href":"https:\/\/www.caririemacao.com\/1\/wp-json\/wp\/v2\/posts\/169516","targetHints":{"allow":["GET"]}}],"collection":[{"href":"https:\/\/www.caririemacao.com\/1\/wp-json\/wp\/v2\/posts"}],"about":[{"href":"https:\/\/www.caririemacao.com\/1\/wp-json\/wp\/v2\/types\/post"}],"author":[{"embeddable":true,"href":"https:\/\/www.caririemacao.com\/1\/wp-json\/wp\/v2\/users\/1"}],"replies":[{"embeddable":true,"href":"https:\/\/www.caririemacao.com\/1\/wp-json\/wp\/v2\/comments?post=169516"}],"version-history":[{"count":1,"href":"https:\/\/www.caririemacao.com\/1\/wp-json\/wp\/v2\/posts\/169516\/revisions"}],"predecessor-version":[{"id":169521,"href":"https:\/\/www.caririemacao.com\/1\/wp-json\/wp\/v2\/posts\/169516\/revisions\/169521"}],"wp:featuredmedia":[{"embeddable":true,"href":"https:\/\/www.caririemacao.com\/1\/wp-json\/wp\/v2\/media\/169520"}],"wp:attachment":[{"href":"https:\/\/www.caririemacao.com\/1\/wp-json\/wp\/v2\/media?parent=169516"}],"wp:term":[{"taxonomy":"category","embeddable":true,"href":"https:\/\/www.caririemacao.com\/1\/wp-json\/wp\/v2\/categories?post=169516"},{"taxonomy":"post_tag","embeddable":true,"href":"https:\/\/www.caririemacao.com\/1\/wp-json\/wp\/v2\/tags?post=169516"}],"curies":[{"name":"wp","href":"https:\/\/api.w.org\/{rel}","templated":true}]}}