{"id":169523,"date":"2020-05-14T15:31:18","date_gmt":"2020-05-14T18:31:18","guid":{"rendered":"https:\/\/www.caririemacao.com\/1\/?p=169523"},"modified":"2020-05-14T15:31:18","modified_gmt":"2020-05-14T18:31:18","slug":"empresario-relata-morte-solitaria-a-enfermeira-antes-de-morrer-de-covid-19-na-paraiba","status":"publish","type":"post","link":"https:\/\/www.caririemacao.com\/1\/2020\/05\/14\/empresario-relata-morte-solitaria-a-enfermeira-antes-de-morrer-de-covid-19-na-paraiba\/","title":{"rendered":"Empres\u00e1rio relata &#8216;morte solit\u00e1ria&#8217; a enfermeira antes de morrer de Covid-19, na Para\u00edba"},"content":{"rendered":"\n<p>O empres\u00e1rio Jos\u00e9 Teixeira, de 51 anos, morreu por Covid-19, em Jo\u00e3o Pessoa. Ele deixou 7 filhos e 5 netos. A terapeuta Rosa Batista, irm\u00e3 de Jos\u00e9, afirmou que ele fazia exerc\u00edcios f\u00edsicos e se alimentava bem. Ele morreu seis dias depois de apresentar os sintomas.<\/p>\n\n\n\n<p>Segundo Rosa, a enfermeira que estava com Jos\u00e9 relatou as \u00faltimas palavras de Jos\u00e9 Teixeira antes da morte.<\/p>\n\n\n\n<blockquote class=\"wp-block-quote is-layout-flow wp-block-quote-is-layout-flow\"><p>&#8220;A \u00faltima frase que ele disse para a enfermeira foi: &#8216;\u00e9 uma morte solit\u00e1ria'&#8221;, lembrou a irm\u00e3.<\/p><\/blockquote>\n\n\n\n<p>Um primo do empres\u00e1rio e da terapeuta tamb\u00e9m morreu por Covid-19 no dia 4 de maio, em S\u00e3o Lu\u00eds, no Maranh\u00e3o.<\/p>\n\n\n\n<p>&#8220;Eu n\u00e3o pensei que fosse chegar na minha casa, na minha fam\u00edlia, e chegou. A gente n\u00e3o acredita e [o coronav\u00edrus] est\u00e1 muito pr\u00f3ximo, \u00e0s vezes vem pra dentro da fam\u00edlia. \u00c9 bem mais s\u00e9rio e dolorido do que as pessoas imaginam&#8221;, disse Rosa.<\/p>\n\n\n\n<p>De acordo com a Secretaria de Sa\u00fade da Para\u00edba, Jos\u00e9 era cardiopata, apresentou os sintomas no dia 26 de abril e morreu no dia 2 de maio.<\/p>\n\n\n\n<p>Com G1<\/p>\n","protected":false},"excerpt":{"rendered":"<p>O empres\u00e1rio Jos\u00e9 Teixeira, de 51 anos, morreu por Covid-19, em Jo\u00e3o Pessoa. Ele deixou 7 filhos e 5 netos. A terapeuta Rosa Batista, irm\u00e3&hellip; <\/p>\n","protected":false},"author":1,"featured_media":169524,"comment_status":"closed","ping_status":"closed","sticky":false,"template":"","format":"standard","meta":{"sfsi_plus_gutenberg_text_before_share":"","sfsi_plus_gutenberg_show_text_before_share":"","sfsi_plus_gutenberg_icon_type":"","sfsi_plus_gutenberg_icon_alignemt":"","sfsi_plus_gutenburg_max_per_row":"","footnotes":""},"categories":[2],"tags":[],"class_list":["post-169523","post","type-post","status-publish","format-standard","has-post-thumbnail","hentry","category-geral"],"_links":{"self":[{"href":"https:\/\/www.caririemacao.com\/1\/wp-json\/wp\/v2\/posts\/169523","targetHints":{"allow":["GET"]}}],"collection":[{"href":"https:\/\/www.caririemacao.com\/1\/wp-json\/wp\/v2\/posts"}],"about":[{"href":"https:\/\/www.caririemacao.com\/1\/wp-json\/wp\/v2\/types\/post"}],"author":[{"embeddable":true,"href":"https:\/\/www.caririemacao.com\/1\/wp-json\/wp\/v2\/users\/1"}],"replies":[{"embeddable":true,"href":"https:\/\/www.caririemacao.com\/1\/wp-json\/wp\/v2\/comments?post=169523"}],"version-history":[{"count":1,"href":"https:\/\/www.caririemacao.com\/1\/wp-json\/wp\/v2\/posts\/169523\/revisions"}],"predecessor-version":[{"id":169525,"href":"https:\/\/www.caririemacao.com\/1\/wp-json\/wp\/v2\/posts\/169523\/revisions\/169525"}],"wp:featuredmedia":[{"embeddable":true,"href":"https:\/\/www.caririemacao.com\/1\/wp-json\/wp\/v2\/media\/169524"}],"wp:attachment":[{"href":"https:\/\/www.caririemacao.com\/1\/wp-json\/wp\/v2\/media?parent=169523"}],"wp:term":[{"taxonomy":"category","embeddable":true,"href":"https:\/\/www.caririemacao.com\/1\/wp-json\/wp\/v2\/categories?post=169523"},{"taxonomy":"post_tag","embeddable":true,"href":"https:\/\/www.caririemacao.com\/1\/wp-json\/wp\/v2\/tags?post=169523"}],"curies":[{"name":"wp","href":"https:\/\/api.w.org\/{rel}","templated":true}]}}