{"id":169527,"date":"2020-05-14T16:23:32","date_gmt":"2020-05-14T19:23:32","guid":{"rendered":"https:\/\/www.caririemacao.com\/1\/?p=169527"},"modified":"2020-05-14T16:23:32","modified_gmt":"2020-05-14T19:23:32","slug":"contra-o-covid-19-prefeitura-de-caraubas-adquire-lavatorios-moveis-para-utilizacao-em-locais-publicos","status":"publish","type":"post","link":"https:\/\/www.caririemacao.com\/1\/2020\/05\/14\/contra-o-covid-19-prefeitura-de-caraubas-adquire-lavatorios-moveis-para-utilizacao-em-locais-publicos\/","title":{"rendered":"Contra o Covid-19: Prefeitura de Cara\u00fabas adquire lavat\u00f3rios m\u00f3veis para utiliza\u00e7\u00e3o em locais p\u00fablicos"},"content":{"rendered":"\n<p>Dando sequencia as principais a\u00e7\u00f5es de preven\u00e7\u00e3o ao Coronav\u00edrus no munic\u00edpio, a Prefeitura Municipal de Cara\u00fabas atrav\u00e9s da Secretaria da Sa\u00fade comprou 06 (seis) lavat\u00f3rios moveis que ser\u00e3o instalados em pontos estrat\u00e9gicos da cidade e de grande circula\u00e7\u00e3o de pessoas.<\/p>\n\n\n\n<p><br>De acordo com o secret\u00e1rio da sa\u00fade, Leonardo Eneas Almeida, j\u00e1 nesta quinta-feira, dia 14\/05, os lavat\u00f3rios ser\u00e3o instalados nos seguintes pontos: na Rua Dr. Mauro Farias pr\u00f3ximos a ag\u00eancia dos Correios, Casa Lot\u00e9rica e correspondentes banc\u00e1rios. No espa\u00e7o destinado a feira livre e nas unidades da sa\u00fade. No Distrito de Barreiras tamb\u00e9m ser\u00e1 instalados 02(dois) pontos com lavat\u00f3rios.<\/p>\n\n\n\n<figure class=\"wp-block-image size-large\"><img fetchpriority=\"high\" decoding=\"async\" width=\"720\" height=\"539\" src=\"https:\/\/www.caririemacao.com\/1\/wp-content\/uploads\/2020\/05\/FB_IMG_1589484129136.jpg\" alt=\"\" class=\"wp-image-169529\" srcset=\"https:\/\/www.caririemacao.com\/1\/wp-content\/uploads\/2020\/05\/FB_IMG_1589484129136.jpg 720w, https:\/\/www.caririemacao.com\/1\/wp-content\/uploads\/2020\/05\/FB_IMG_1589484129136-300x225.jpg 300w\" sizes=\"(max-width: 720px) 100vw, 720px\" \/><\/figure>\n\n\n\n<p><br>Foram investidos recursos na ordem de aproximadamente R$ 7.100,00(Sete Mil e Cem Reais). Os lavat\u00f3rios ter\u00e3o uma grande utilidade na higieniza\u00e7\u00e3o das m\u00e3os de pessoas que se utilizar\u00e3o desses espa\u00e7os. A nossa orienta\u00e7\u00e3o \u00e9 que as pessoas lavem as m\u00e3os antes de entrarem nos estabelecimentos e na feira livre, bem como, quando estiverem saindo, disse Leonardo secret\u00e1rio da sa\u00fade.<\/p>\n\n\n\n<figure class=\"wp-block-image size-large\"><img decoding=\"async\" width=\"720\" height=\"539\" data-src=\"https:\/\/www.caririemacao.com\/1\/wp-content\/uploads\/2020\/05\/FB_IMG_1589484126058.jpg\" alt=\"\" class=\"wp-image-169530 lazyload\" data-srcset=\"https:\/\/www.caririemacao.com\/1\/wp-content\/uploads\/2020\/05\/FB_IMG_1589484126058.jpg 720w, https:\/\/www.caririemacao.com\/1\/wp-content\/uploads\/2020\/05\/FB_IMG_1589484126058-300x225.jpg 300w\" data-sizes=\"(max-width: 720px) 100vw, 720px\" src=\"data:image\/svg+xml;base64,PHN2ZyB3aWR0aD0iMSIgaGVpZ2h0PSIxIiB4bWxucz0iaHR0cDovL3d3dy53My5vcmcvMjAwMC9zdmciPjwvc3ZnPg==\" style=\"--smush-placeholder-width: 720px; --smush-placeholder-aspect-ratio: 720\/539;\" \/><\/figure>\n\n\n\n<p><br>O prefeito Silvano Dudu refor\u00e7a o apelo a comunidade que os investimentos que estamos realizando \u00e9 para que voc\u00ea cidad\u00e3o caraubense tenha mais comodidade e op\u00e7\u00f5es de se proteger contra esse mal que vem assolando o mundo inteiro. Adquirimos esses lavat\u00f3rios para que as pessoas tenham mais uma op\u00e7\u00e3o de combater o v\u00edrus, afirmou o prefeito.<\/p>\n\n\n\n<p><br>Em cada lavat\u00f3rio a popula\u00e7\u00e3o encontrar\u00e1 dispon\u00edvel para uso, \u00e1gua, sab\u00e3o e papel toalha. Pedimos a popula\u00e7\u00e3o que use de forma racional e com responsabilidade colocando no local certo aquilo que ser\u00e1 descartado como o papel toalha. Este \u00e9 um esfor\u00e7o que estamos realizando para ajudar a popula\u00e7\u00e3o no combate ao COVID-19, concluiu o secret\u00e1rio.<\/p>\n\n\n\n<p>Fonte: SEPLACOM<br>Foto: MIGUEL FILHO<\/p>\n","protected":false},"excerpt":{"rendered":"<p>Dando sequencia as principais a\u00e7\u00f5es de preven\u00e7\u00e3o ao Coronav\u00edrus no munic\u00edpio, a Prefeitura Municipal de Cara\u00fabas atrav\u00e9s da Secretaria da Sa\u00fade comprou 06 (seis) lavat\u00f3rios&hellip; <\/p>\n","protected":false},"author":1,"featured_media":169528,"comment_status":"closed","ping_status":"closed","sticky":false,"template":"","format":"standard","meta":{"sfsi_plus_gutenberg_text_before_share":"","sfsi_plus_gutenberg_show_text_before_share":"","sfsi_plus_gutenberg_icon_type":"","sfsi_plus_gutenberg_icon_alignemt":"","sfsi_plus_gutenburg_max_per_row":"","footnotes":""},"categories":[6,50],"tags":[],"class_list":["post-169527","post","type-post","status-publish","format-standard","has-post-thumbnail","hentry","category-cidades","category-destaque"],"_links":{"self":[{"href":"https:\/\/www.caririemacao.com\/1\/wp-json\/wp\/v2\/posts\/169527","targetHints":{"allow":["GET"]}}],"collection":[{"href":"https:\/\/www.caririemacao.com\/1\/wp-json\/wp\/v2\/posts"}],"about":[{"href":"https:\/\/www.caririemacao.com\/1\/wp-json\/wp\/v2\/types\/post"}],"author":[{"embeddable":true,"href":"https:\/\/www.caririemacao.com\/1\/wp-json\/wp\/v2\/users\/1"}],"replies":[{"embeddable":true,"href":"https:\/\/www.caririemacao.com\/1\/wp-json\/wp\/v2\/comments?post=169527"}],"version-history":[{"count":1,"href":"https:\/\/www.caririemacao.com\/1\/wp-json\/wp\/v2\/posts\/169527\/revisions"}],"predecessor-version":[{"id":169531,"href":"https:\/\/www.caririemacao.com\/1\/wp-json\/wp\/v2\/posts\/169527\/revisions\/169531"}],"wp:featuredmedia":[{"embeddable":true,"href":"https:\/\/www.caririemacao.com\/1\/wp-json\/wp\/v2\/media\/169528"}],"wp:attachment":[{"href":"https:\/\/www.caririemacao.com\/1\/wp-json\/wp\/v2\/media?parent=169527"}],"wp:term":[{"taxonomy":"category","embeddable":true,"href":"https:\/\/www.caririemacao.com\/1\/wp-json\/wp\/v2\/categories?post=169527"},{"taxonomy":"post_tag","embeddable":true,"href":"https:\/\/www.caririemacao.com\/1\/wp-json\/wp\/v2\/tags?post=169527"}],"curies":[{"name":"wp","href":"https:\/\/api.w.org\/{rel}","templated":true}]}}