{"id":169532,"date":"2020-05-14T16:29:19","date_gmt":"2020-05-14T19:29:19","guid":{"rendered":"https:\/\/www.caririemacao.com\/1\/?p=169532"},"modified":"2020-05-14T16:29:19","modified_gmt":"2020-05-14T19:29:19","slug":"secretaria-de-obras-publicas-e-servicos-urbanos-realiza-trabalho-de-capinacao-nas-avenidas-de-acesso-a-caraubas","status":"publish","type":"post","link":"https:\/\/www.caririemacao.com\/1\/2020\/05\/14\/secretaria-de-obras-publicas-e-servicos-urbanos-realiza-trabalho-de-capinacao-nas-avenidas-de-acesso-a-caraubas\/","title":{"rendered":"Secretaria de obras p\u00fablicas e servi\u00e7os urbanos realiza trabalho de capina\u00e7\u00e3o nas avenidas de acesso \u00e0 Cara\u00fabas"},"content":{"rendered":"\n<p>A Secretaria de Obras P\u00fablicas e Servi\u00e7os Urbanos iniciou esta semana o trabalho de capina\u00e7\u00e3o e ro\u00e7o do mato existente nas avenidas de acesso a cidade de Cara\u00fabas, bem como, dos terrenos onde est\u00e3o localizados os pr\u00e9dios p\u00fablicos. O trabalho ser\u00e1 intensivado uma vez que com o cessar das chuvas neste m\u00eas de Maio \u00e9 poss\u00edvel concretizar os servi\u00e7os.<\/p>\n\n\n\n<p><br>De acordo com o secret\u00e1rio de Obras P\u00fablicas e Servi\u00e7os Urbanos, Jos\u00e9 Marcelo Neves, foi adquirido uma m\u00e1quina estilo motor serra para ajudar no trabalho de capina\u00e7\u00e3o. Com a ajuda desse equipamento e dos servidores da secretaria iniciamos a limpeza das avenidas de acesso pela PB 196, sa\u00edda para o Congo e os terrenos pertencentes aos pr\u00e9dios p\u00fablicos, afirmou ele.<\/p>\n\n\n\n<p><br>Durante o transcurso deste m\u00eas estaremos atingindo os demais acessos que permitiram melhor visibilidade aos condutores de ve\u00edculos da sinaliza\u00e7\u00e3o existente, bem como, evitando a infesta\u00e7\u00e3o de animais nocivos a sa\u00fade p\u00fablica. Os propriet\u00e1rios de terrenos particulares j\u00e1 foram notificados a realizarem a limpeza de seus terrenos. <\/p>\n\n\n\n<p>De acordo com a legisla\u00e7\u00e3o cada propriet\u00e1rio ter\u00e1 um prazo de 15(quinze) dias contados do recebimento da notifica\u00e7\u00e3o para efetuar a limpeza, disse Marcelo.<\/p>\n\n\n\n<p><br>Caso haja descumprimento das medidas a Prefeitura realizar\u00e1 a limpeza da \u00e1rea notificada e cobrar\u00e1 do propriet\u00e1rio o valor das despesas com a limpeza da \u00e1rea. \u00c9 necess\u00e1rio a compreens\u00e3o dos particulares dessas \u00e1reas porque algumas \u00e1reas apresentam acumulo de mato, originando o aparecimento de animais pe\u00e7onhentos como cobras, escorpi\u00f5es, ratos e baratas, concluiu o secret\u00e1rio.<\/p>\n\n\n\n<p>Fonte: SEPLACOM<br>Foto: MIGUEL FILHO<\/p>\n","protected":false},"excerpt":{"rendered":"<p>A Secretaria de Obras P\u00fablicas e Servi\u00e7os Urbanos iniciou esta semana o trabalho de capina\u00e7\u00e3o e ro\u00e7o do mato existente nas avenidas de acesso a&hellip; <\/p>\n","protected":false},"author":1,"featured_media":169533,"comment_status":"closed","ping_status":"closed","sticky":false,"template":"","format":"standard","meta":{"sfsi_plus_gutenberg_text_before_share":"","sfsi_plus_gutenberg_show_text_before_share":"","sfsi_plus_gutenberg_icon_type":"","sfsi_plus_gutenberg_icon_alignemt":"","sfsi_plus_gutenburg_max_per_row":"","footnotes":""},"categories":[6,50],"tags":[],"class_list":["post-169532","post","type-post","status-publish","format-standard","has-post-thumbnail","hentry","category-cidades","category-destaque"],"_links":{"self":[{"href":"https:\/\/www.caririemacao.com\/1\/wp-json\/wp\/v2\/posts\/169532","targetHints":{"allow":["GET"]}}],"collection":[{"href":"https:\/\/www.caririemacao.com\/1\/wp-json\/wp\/v2\/posts"}],"about":[{"href":"https:\/\/www.caririemacao.com\/1\/wp-json\/wp\/v2\/types\/post"}],"author":[{"embeddable":true,"href":"https:\/\/www.caririemacao.com\/1\/wp-json\/wp\/v2\/users\/1"}],"replies":[{"embeddable":true,"href":"https:\/\/www.caririemacao.com\/1\/wp-json\/wp\/v2\/comments?post=169532"}],"version-history":[{"count":1,"href":"https:\/\/www.caririemacao.com\/1\/wp-json\/wp\/v2\/posts\/169532\/revisions"}],"predecessor-version":[{"id":169535,"href":"https:\/\/www.caririemacao.com\/1\/wp-json\/wp\/v2\/posts\/169532\/revisions\/169535"}],"wp:featuredmedia":[{"embeddable":true,"href":"https:\/\/www.caririemacao.com\/1\/wp-json\/wp\/v2\/media\/169533"}],"wp:attachment":[{"href":"https:\/\/www.caririemacao.com\/1\/wp-json\/wp\/v2\/media?parent=169532"}],"wp:term":[{"taxonomy":"category","embeddable":true,"href":"https:\/\/www.caririemacao.com\/1\/wp-json\/wp\/v2\/categories?post=169532"},{"taxonomy":"post_tag","embeddable":true,"href":"https:\/\/www.caririemacao.com\/1\/wp-json\/wp\/v2\/tags?post=169532"}],"curies":[{"name":"wp","href":"https:\/\/api.w.org\/{rel}","templated":true}]}}