{"id":169536,"date":"2020-05-14T16:40:41","date_gmt":"2020-05-14T19:40:41","guid":{"rendered":"https:\/\/www.caririemacao.com\/1\/?p=169536"},"modified":"2020-05-14T17:20:54","modified_gmt":"2020-05-14T20:20:54","slug":"empresario-aparece-tomando-banho-durante-videoconferencia-com-bolsonaro-e-paulo-guedes-diz-tem-um-peaedao-ai","status":"publish","type":"post","link":"https:\/\/www.caririemacao.com\/1\/2020\/05\/14\/empresario-aparece-tomando-banho-durante-videoconferencia-com-bolsonaro-e-paulo-guedes-diz-tem-um-peaedao-ai\/","title":{"rendered":"Empres\u00e1rio aparece tomando banho durante v\u00eddeoconfer\u00eancia com Bolsonaro, e Paulo Guedes diz: &#8216;tem um pelad\u00e3o a\u00ed&#8217;"},"content":{"rendered":"\n<p>Um dos participantes de uma videoconfer\u00eancia com o presidente&nbsp;Jair Bolsonaro&nbsp;e empres\u00e1rios realizada nesta quinta-feira (14) apareceu tomando banho durante a conversa, aparentemente porque havia se esquecido de desligar a c\u00e2mera do aparelho que usava.<\/p>\n\n\n\n<p>A reuni\u00e3o foi promovida na manh\u00e3 desta quinta-feira (14) por Paulo Skaf, presidente da Federa\u00e7\u00e3o das Ind\u00fastrias do Estado de S\u00e3o Paulo (Fiesp).<\/p>\n\n\n\n<p>Segundo relatos feitos ao&nbsp;<strong>G1<\/strong>, foi o pr\u00f3prio Bolsonaro quem notou o incidente, o que o levou a interromper uma fala de Skaf, que em seguida se desculpou.<\/p>\n\n\n\n<p>&#8220;\u00d4, Paulo [Skaf], tem um colega a\u00ed no \u00faltimo quadrinho que t\u00e1, saiu fora, t\u00e1 ok?&#8221;, disse o presidente. Ele, ent\u00e3o, se dirigiu a&nbsp;Paulo Guedes, que estava a seu lado.<\/p>\n\n\n\n<p>Ao ser alertado, o ministro da Economia afirmou: &#8220;Tem um cara tomando banho a\u00ed, pelad\u00e3o. Tem um pelad\u00e3o a\u00ed, fazendo isolamento pelad\u00e3o em casa e tal, beleza&nbsp;<em>(risos).&nbsp;<\/em>O cara foi ficando com calor com a conversa, a\u00ed foi tomar um banho frio&#8230;&#8221;.<\/p>\n\n\n\n<p>Bolsonaro respondeu: &#8220;Infelizmente, n\u00f3s vimos [gargalhadas]. Era um quadro sinuoso, mas n\u00f3s vimos, infelizmente&#8221;.<\/p>\n\n\n\n<p>O homem que apareceu tomando banho tamb\u00e9m \u00e9 conselheiro da Fiesp.<\/p>\n\n\n\n<p>Na videoconfer\u00eancia, Bolsonaro afirmou que empres\u00e1rios precisam &#8220;jogar pesado&#8221; com o governador de S\u00e3o Paulo, Jo\u00e3o Doria, a fim de evitar um eventual &#8220;lockdown&#8221; no estado. Bolsonaro usou o termo &#8220;guerra&#8221; para se referir \u00e0 disputa.<\/p>\n\n\n\n<p>Ao longo da conversa, o presidente voltou a criticar medidas de isolamento social adotadas por governadores como forma de tentar reduzir a velocidade do cont\u00e1gio do novo coronav\u00edrus. Para o presidente, um \u201capag\u00e3o total\u201d em S\u00e3o Paulo \u00e9 \u201cinimagin\u00e1vel\u201d.<\/p>\n\n\n\n<p>Com G1<\/p>\n","protected":false},"excerpt":{"rendered":"<p>Um dos participantes de uma videoconfer\u00eancia com o presidente&nbsp;Jair Bolsonaro&nbsp;e empres\u00e1rios realizada nesta quinta-feira (14) apareceu tomando banho durante a conversa, aparentemente porque havia se&hellip; <\/p>\n","protected":false},"author":1,"featured_media":169537,"comment_status":"closed","ping_status":"closed","sticky":false,"template":"","format":"standard","meta":{"sfsi_plus_gutenberg_text_before_share":"","sfsi_plus_gutenberg_show_text_before_share":"","sfsi_plus_gutenberg_icon_type":"","sfsi_plus_gutenberg_icon_alignemt":"","sfsi_plus_gutenburg_max_per_row":"","footnotes":""},"categories":[11],"tags":[],"class_list":["post-169536","post","type-post","status-publish","format-standard","has-post-thumbnail","hentry","category-politica"],"_links":{"self":[{"href":"https:\/\/www.caririemacao.com\/1\/wp-json\/wp\/v2\/posts\/169536","targetHints":{"allow":["GET"]}}],"collection":[{"href":"https:\/\/www.caririemacao.com\/1\/wp-json\/wp\/v2\/posts"}],"about":[{"href":"https:\/\/www.caririemacao.com\/1\/wp-json\/wp\/v2\/types\/post"}],"author":[{"embeddable":true,"href":"https:\/\/www.caririemacao.com\/1\/wp-json\/wp\/v2\/users\/1"}],"replies":[{"embeddable":true,"href":"https:\/\/www.caririemacao.com\/1\/wp-json\/wp\/v2\/comments?post=169536"}],"version-history":[{"count":2,"href":"https:\/\/www.caririemacao.com\/1\/wp-json\/wp\/v2\/posts\/169536\/revisions"}],"predecessor-version":[{"id":169539,"href":"https:\/\/www.caririemacao.com\/1\/wp-json\/wp\/v2\/posts\/169536\/revisions\/169539"}],"wp:featuredmedia":[{"embeddable":true,"href":"https:\/\/www.caririemacao.com\/1\/wp-json\/wp\/v2\/media\/169537"}],"wp:attachment":[{"href":"https:\/\/www.caririemacao.com\/1\/wp-json\/wp\/v2\/media?parent=169536"}],"wp:term":[{"taxonomy":"category","embeddable":true,"href":"https:\/\/www.caririemacao.com\/1\/wp-json\/wp\/v2\/categories?post=169536"},{"taxonomy":"post_tag","embeddable":true,"href":"https:\/\/www.caririemacao.com\/1\/wp-json\/wp\/v2\/tags?post=169536"}],"curies":[{"name":"wp","href":"https:\/\/api.w.org\/{rel}","templated":true}]}}