{"id":169545,"date":"2020-05-15T05:55:45","date_gmt":"2020-05-15T08:55:45","guid":{"rendered":"https:\/\/www.caririemacao.com\/1\/?p=169545"},"modified":"2020-05-15T05:55:45","modified_gmt":"2020-05-15T08:55:45","slug":"segunda-parcela-do-auxilio-emergencial-sera-paga-a-partir-de-segunda-feira-diz-presidente-da-caixa","status":"publish","type":"post","link":"https:\/\/www.caririemacao.com\/1\/2020\/05\/15\/segunda-parcela-do-auxilio-emergencial-sera-paga-a-partir-de-segunda-feira-diz-presidente-da-caixa\/","title":{"rendered":"Segunda parcela do aux\u00edlio emergencial ser\u00e1 paga a partir de segunda-feira, diz presidente da Caixa"},"content":{"rendered":"\n<p>O presidente da Caixa, Pedro Guimar\u00e3es, anunciou nesta quinta-feira (14) que a segunda parcela do aux\u00edlio emergencial de R$ 600 ser\u00e1 depositada a partir da pr\u00f3xima segunda-feira (18).<\/p>\n\n\n\n<p>Segundo Guimar\u00e3es, o pagamento ser\u00e1 escalonado com base na data de nascimento dos benefici\u00e1rios. O cronograma exato ser\u00e1 divulgado nesta sexta (15), \u00e0s 15h.<\/p>\n\n\n\n<p>At\u00e9 esta quinta-feira, a Caixa completou duas semanas sem liberar novos cr\u00e9ditos do aux\u00edlio emergencial. O \u00faltimo balan\u00e7o dos pagamentos divulgado pelo banco, \u00e0s 12h da ter\u00e7a-feira (13), apontava que haviam sido creditados at\u00e9 ent\u00e3o R$ 35,5 bilh\u00f5es a 50 milh\u00f5es de brasileiros &#8211; mesmos n\u00fameros informados desde 30 de abril.<\/p>\n\n\n\n<p><strong>Primeira parcela pendente<\/strong><\/p>\n\n\n\n<p>Pedro Guimar\u00e3es tamb\u00e9m anunciou que a Caixa pagar\u00e1, entre sexta (15) e s\u00e1bado (16), mais um &#8220;lote&#8221; referente \u00e0 primeira parcela. Devem ser inclu\u00eddos, nesse momento, pessoas que tiveram inconsist\u00eancias no cadastro e, por isso, ainda estavam com o benef\u00edcio pendente.<\/p>\n\n\n\n<p>O presidente da Caixa n\u00e3o informou quantas pessoas ser\u00e3o inclu\u00eddas nesse pagamento, e nem se haver\u00e1 novas libera\u00e7\u00f5es da primeira parcela do aux\u00edlio de R$ 600 nas pr\u00f3ximas semanas.<\/p>\n\n\n\n<p>At\u00e9 esta quinta, mesmo quem j\u00e1 recebeu a primeira parcela sem problemas ainda n\u00e3o tinha a confirma\u00e7\u00e3o do cronograma. Apenas os trabalhadores que j\u00e1 s\u00e3o benefici\u00e1rios do Bolsa Fam\u00edlia t\u00eam data para receber, j\u00e1 que os pagamentos seguem o calend\u00e1rio do Bolsa.<\/p>\n\n\n\n<p>Outros milh\u00f5es de brasileiros ainda aguardam a concess\u00e3o do benef\u00edcio, sem saber se \u2013 e quando \u2013 v\u00e3o receber.<\/p>\n","protected":false},"excerpt":{"rendered":"<p>O presidente da Caixa, Pedro Guimar\u00e3es, anunciou nesta quinta-feira (14) que a segunda parcela do aux\u00edlio emergencial de R$ 600 ser\u00e1 depositada a partir da&hellip; <\/p>\n","protected":false},"author":2,"featured_media":168948,"comment_status":"closed","ping_status":"closed","sticky":false,"template":"","format":"standard","meta":{"sfsi_plus_gutenberg_text_before_share":"","sfsi_plus_gutenberg_show_text_before_share":"","sfsi_plus_gutenberg_icon_type":"","sfsi_plus_gutenberg_icon_alignemt":"","sfsi_plus_gutenburg_max_per_row":"","footnotes":""},"categories":[50,2],"tags":[],"class_list":["post-169545","post","type-post","status-publish","format-standard","has-post-thumbnail","hentry","category-destaque","category-geral"],"_links":{"self":[{"href":"https:\/\/www.caririemacao.com\/1\/wp-json\/wp\/v2\/posts\/169545","targetHints":{"allow":["GET"]}}],"collection":[{"href":"https:\/\/www.caririemacao.com\/1\/wp-json\/wp\/v2\/posts"}],"about":[{"href":"https:\/\/www.caririemacao.com\/1\/wp-json\/wp\/v2\/types\/post"}],"author":[{"embeddable":true,"href":"https:\/\/www.caririemacao.com\/1\/wp-json\/wp\/v2\/users\/2"}],"replies":[{"embeddable":true,"href":"https:\/\/www.caririemacao.com\/1\/wp-json\/wp\/v2\/comments?post=169545"}],"version-history":[{"count":1,"href":"https:\/\/www.caririemacao.com\/1\/wp-json\/wp\/v2\/posts\/169545\/revisions"}],"predecessor-version":[{"id":169546,"href":"https:\/\/www.caririemacao.com\/1\/wp-json\/wp\/v2\/posts\/169545\/revisions\/169546"}],"wp:featuredmedia":[{"embeddable":true,"href":"https:\/\/www.caririemacao.com\/1\/wp-json\/wp\/v2\/media\/168948"}],"wp:attachment":[{"href":"https:\/\/www.caririemacao.com\/1\/wp-json\/wp\/v2\/media?parent=169545"}],"wp:term":[{"taxonomy":"category","embeddable":true,"href":"https:\/\/www.caririemacao.com\/1\/wp-json\/wp\/v2\/categories?post=169545"},{"taxonomy":"post_tag","embeddable":true,"href":"https:\/\/www.caririemacao.com\/1\/wp-json\/wp\/v2\/tags?post=169545"}],"curies":[{"name":"wp","href":"https:\/\/api.w.org\/{rel}","templated":true}]}}