{"id":169551,"date":"2020-05-15T06:13:21","date_gmt":"2020-05-15T09:13:21","guid":{"rendered":"https:\/\/www.caririemacao.com\/1\/?p=169551"},"modified":"2020-05-15T06:13:21","modified_gmt":"2020-05-15T09:13:21","slug":"usuarios-de-baixa-renda-podem-ter-100-de-desconto-na-conta-de-energia-saiba-como","status":"publish","type":"post","link":"https:\/\/www.caririemacao.com\/1\/2020\/05\/15\/usuarios-de-baixa-renda-podem-ter-100-de-desconto-na-conta-de-energia-saiba-como\/","title":{"rendered":"Usu\u00e1rios de baixa renda podem ter 100% de desconto na conta de energia; saiba como"},"content":{"rendered":"\n<p>As fam\u00edlias de baixa renda t\u00eam o direito a aderir \u00e0&nbsp;Tarifa Social, que d\u00e1 desconto na conta de energia el\u00e9trica, mas existem crit\u00e9rios para que os usu\u00e1rios tenham acesso ao benef\u00edcio. Durante esse per\u00edodo de pandemia, inicialmente entre 1\u00ba de Abril a 30 de Junho, quem consome at\u00e9 220 kWh (kilowatts hora) e est\u00e1 escrito na&nbsp;Tarifa Social&nbsp;vai ter 100% de desconto, ou seja, n\u00e3o vai pagar nada em rela\u00e7\u00e3o do consumo de energia. Se esse consumo for at\u00e9 220 kWh&nbsp;o usu\u00e1rio s\u00f3&nbsp;vai pagar a taxa de ilumina\u00e7\u00e3o p\u00fablica e os impostos, o que j\u00e1 d\u00e1 uma redu\u00e7\u00e3o dr\u00e1stica na conta de energia. Para quem j\u00e1 \u00e9 inscrito na&nbsp;Tarifa Social&nbsp;esse desconto \u00e9 autom\u00e1tico, n\u00e3o precisa fazer nada, s\u00f3 esperar que a conta j\u00e1 vai vir com esse desconto.<\/p>\n\n\n\n<p>Para ter direito \u00e0&nbsp;Tarifa Social, o usu\u00e1rios deve&nbsp;estar inscrito no CAD \u00fanico, o cadastro \u00fanico do governo federal para os benef\u00edcios sociais. O usu\u00e1rio deve receber at\u00e9&nbsp;meio sal\u00e1rio m\u00ednimo por pessoa, o que atualmente est\u00e1 em R$ 522,50. Outra forma de ter o direito&nbsp;\u00e9 se voc\u00ea tem em casa um morador que recebe o BPC, benef\u00edcio de presta\u00e7\u00e3o continuada. Uma terceira forma de voc\u00ea poder se inscrever na&nbsp;Tarifa Social&nbsp;\u00e9 quando voc\u00ea tem em casa uma pessoa deficiente que precisa de um aparelho el\u00e9trico constantemente ligado para que essa pessoa sobreviva. Nesses tr\u00eas casos a pessoa tem direito \u00e0&nbsp;Tarifa Social.<\/p>\n\n\n\n<p>Caso se encaixe em alguns desse crit\u00e9rios, o cliente deve se inscrever na&nbsp;Tarifa Social.&nbsp;Por causa da pandemia&nbsp;tem que ser pela internet, atrav\u00e9s do site ou do aplicativo da concession\u00e1ria de energia el\u00e9trica. O usu\u00e1rio deve apresentar o N\u00famero de Inscri\u00e7\u00e3o Social (NIS). Quem n\u00e3o tem o NIS vai ter que ir no pr\u00e9dio do Bolsa Fam\u00edlia, em Mangabeira, mas para isso, deve fazer um&nbsp;agendamento pela internet ou telefone.&nbsp;Para fazer a inscri\u00e7\u00e3o na&nbsp;Tarifa Social&nbsp;pode tamb\u00e9m usar o c\u00f3digo familiar do CAD \u00fanico e o n\u00famero do benef\u00edcio do BPC. Tamb\u00e9m para quem recebe o BPC, al\u00e9m de RG e CPF a conta de luz em dia deve ser apresentada. O relat\u00f3rio ou atestado m\u00e9dico deve ser apresentado,&nbsp;no caso da pessoa que tem defici\u00eancia e precisa usar aquele aparelho el\u00e9trico constantemente ligado.<\/p>\n\n\n\n<p><em>Portal T5<\/em><\/p>\n","protected":false},"excerpt":{"rendered":"<p>As fam\u00edlias de baixa renda t\u00eam o direito a aderir \u00e0&nbsp;Tarifa Social, que d\u00e1 desconto na conta de energia el\u00e9trica, mas existem crit\u00e9rios para que&hellip; <\/p>\n","protected":false},"author":2,"featured_media":169552,"comment_status":"closed","ping_status":"closed","sticky":false,"template":"","format":"standard","meta":{"sfsi_plus_gutenberg_text_before_share":"","sfsi_plus_gutenberg_show_text_before_share":"","sfsi_plus_gutenberg_icon_type":"","sfsi_plus_gutenberg_icon_alignemt":"","sfsi_plus_gutenburg_max_per_row":"","footnotes":""},"categories":[6,50],"tags":[],"class_list":["post-169551","post","type-post","status-publish","format-standard","has-post-thumbnail","hentry","category-cidades","category-destaque"],"_links":{"self":[{"href":"https:\/\/www.caririemacao.com\/1\/wp-json\/wp\/v2\/posts\/169551","targetHints":{"allow":["GET"]}}],"collection":[{"href":"https:\/\/www.caririemacao.com\/1\/wp-json\/wp\/v2\/posts"}],"about":[{"href":"https:\/\/www.caririemacao.com\/1\/wp-json\/wp\/v2\/types\/post"}],"author":[{"embeddable":true,"href":"https:\/\/www.caririemacao.com\/1\/wp-json\/wp\/v2\/users\/2"}],"replies":[{"embeddable":true,"href":"https:\/\/www.caririemacao.com\/1\/wp-json\/wp\/v2\/comments?post=169551"}],"version-history":[{"count":1,"href":"https:\/\/www.caririemacao.com\/1\/wp-json\/wp\/v2\/posts\/169551\/revisions"}],"predecessor-version":[{"id":169553,"href":"https:\/\/www.caririemacao.com\/1\/wp-json\/wp\/v2\/posts\/169551\/revisions\/169553"}],"wp:featuredmedia":[{"embeddable":true,"href":"https:\/\/www.caririemacao.com\/1\/wp-json\/wp\/v2\/media\/169552"}],"wp:attachment":[{"href":"https:\/\/www.caririemacao.com\/1\/wp-json\/wp\/v2\/media?parent=169551"}],"wp:term":[{"taxonomy":"category","embeddable":true,"href":"https:\/\/www.caririemacao.com\/1\/wp-json\/wp\/v2\/categories?post=169551"},{"taxonomy":"post_tag","embeddable":true,"href":"https:\/\/www.caririemacao.com\/1\/wp-json\/wp\/v2\/tags?post=169551"}],"curies":[{"name":"wp","href":"https:\/\/api.w.org\/{rel}","templated":true}]}}