{"id":169555,"date":"2020-05-15T06:55:59","date_gmt":"2020-05-15T09:55:59","guid":{"rendered":"https:\/\/www.caririemacao.com\/1\/?p=169555"},"modified":"2020-05-15T06:55:59","modified_gmt":"2020-05-15T09:55:59","slug":"pesquisadores-brasileiros-desenvolvem-testes-rapidos-para-detectar-coronavirus-2","status":"publish","type":"post","link":"https:\/\/www.caririemacao.com\/1\/2020\/05\/15\/pesquisadores-brasileiros-desenvolvem-testes-rapidos-para-detectar-coronavirus-2\/","title":{"rendered":"Pesquisadores brasileiros desenvolvem testes r\u00e1pidos para detectar coronav\u00edrus"},"content":{"rendered":"\n<h1 class=\"wp-block-heading\"><\/h1>\n\n\n\n<p>Pesquisadores da Universidade Federal de S\u00e3o Carlos (UFSCar), no estado de S\u00e3o Paulo, desenvolvem um tipo de dispositivo para identificar a covid-19 em pacientes infectados em ambientes contaminados e nas redes de esgoto, por meio de um sensor eletroqu\u00edmico para a detec\u00e7\u00e3o, na saliva da v\u00edtima, de pelo menos tr\u00eas sequ\u00eancias do genoma do v\u00edrus.<\/p>\n\n\n\n<p>Segundo o l\u00edder do projeto, Ronaldo Censi Faria, pesquisador do Centro de Ci\u00eancias Exatas e de Tecnologia da UFSCar, o objetivo \u00e9 desenvolver uma metodologia simples e de baixo custo para o diagn\u00f3stico do novo coronav\u00edrus. A plataforma de testes descart\u00e1vel far\u00e1 uso de materiais de f\u00e1cil acesso e equipamentos simples e tamb\u00e9m permitir\u00e1 a an\u00e1lise de diferentes amostras simultaneamente.<\/p>\n\n\n\n<p>Faria explicou que o dispositivo do teste r\u00e1pido tem v\u00e1rios canais onde a saliva do paciente \u00e9 inserida. Esses compartimentos contam com quatro chips sensores programados para identificar peda\u00e7os do RNA (\u00e1cido nucleico) do v\u00edrus.<\/p>\n\n\n\n<p>\u201cA detec\u00e7\u00e3o se d\u00e1 por eletroquimiluminesc\u00eancia, ou seja, a partir da rea\u00e7\u00e3o eletroqu\u00edmica entre o sensor e o RNA do v\u00edrus ocorre a emiss\u00e3o de luz. Com isso, se o sensor detectar pelo menos uma das sequ\u00eancias de RNA, um ponto de luz ir\u00e1 surgir, indicando que o paciente est\u00e1 infectado\u201d, disse.<\/p>\n\n\n\n<p>O sensor surgiu em um dispositivo de baixo custo patenteado, j\u00e1 que, em 2017, a equipe de Faria desenvolveu um dispositivo semelhante para a detec\u00e7\u00e3o de biomarcadores da doen\u00e7a de Alzheimer.<\/p>\n\n\n\n<p>A metodologia usada nos testes da covid-19 \u00e9 uma adapta\u00e7\u00e3o de v\u00e1rios dispositivos que est\u00e3o sendo desenvolvidos nos laborat\u00f3rios para identificar a ocorr\u00eancia de outras doen\u00e7as, como c\u00e2ncer, leishmaniose, hansen\u00edase e zika, al\u00e9m do Alzheimer. Entretanto, ainda n\u00e3o h\u00e1 previs\u00e3o para que o dispositivo seja comercializado.<\/p>\n\n\n\n<p>\u201cO nosso laborat\u00f3rio tem experi\u00eancia no uso de biomarcadores proteicos para a identifica\u00e7\u00e3o de doen\u00e7as. Alguns deles j\u00e1 eram marcadores conhecidos que utilizamos em dispositivos, outros eram biomarcadores novos, como o caso do dispositivo para detectar Alzheimer. Nesse novo projeto usaremos marcadores de RNA, partes da sequ\u00eancia de RNA que foram separadas pelo pesquisador Matias Melendez, que integra o nosso grupo\u201d, afirmou.<\/p>\n\n\n\n<p>Segundo o pesquisador, tamb\u00e9m est\u00e3o sendo feitos testes com sensores para identificar o coronav\u00edrus em ambientes como casas, ruas e escrit\u00f3rios, e no sistema de esgoto. \u201cComo j\u00e1 temos uma metodologia, \u00e9 do nosso interesse adapt\u00e1-la para diferentes usos, desde que seja poss\u00edvel identificar um biomarcador para a doen\u00e7a\u201d, explicou.<\/p>\n\n\n\n<p>Faria disse, ainda, que, para atingir o RNA, \u00e9 preciso uma solu\u00e7\u00e3o para \u201cquebrar\u201d o v\u00edrus e expor o material gen\u00e9tico a ser detectado pelo sensor. \u201cAo identificar o caps\u00eddeo, ser\u00e1 poss\u00edvel detectar o v\u00edrus diretamente, o que abre um leque de possibilidades, como criar um dispositivo para identifica\u00e7\u00e3o em sistema de esgoto ou no ar. Com isso, seria poss\u00edvel monitorar a dist\u00e2ncia o ambiente externo e mapear a contamina\u00e7\u00e3o de \u00e1reas pelo esgoto ou por coleta de material particulado na atmosfera\u201d, esclareceu.<\/p>\n\n\n\n<p>Os estudos t\u00eam o apoio da Funda\u00e7\u00e3o de Amparo \u00e0 Pesquisa do Estado de S\u00e3o Paulo e de um edital do Conselho Nacional de Desenvolvimento Cient\u00edfico e Tecnol\u00f3gico (CNPq).<\/p>\n","protected":false},"excerpt":{"rendered":"<p>Pesquisadores da Universidade Federal de S\u00e3o Carlos (UFSCar), no estado de S\u00e3o Paulo, desenvolvem um tipo de dispositivo para identificar a covid-19 em pacientes infectados&hellip; <\/p>\n","protected":false},"author":2,"featured_media":169556,"comment_status":"closed","ping_status":"closed","sticky":false,"template":"","format":"standard","meta":{"sfsi_plus_gutenberg_text_before_share":"","sfsi_plus_gutenberg_show_text_before_share":"","sfsi_plus_gutenberg_icon_type":"","sfsi_plus_gutenberg_icon_alignemt":"","sfsi_plus_gutenburg_max_per_row":"","footnotes":""},"categories":[2],"tags":[],"class_list":["post-169555","post","type-post","status-publish","format-standard","has-post-thumbnail","hentry","category-geral"],"_links":{"self":[{"href":"https:\/\/www.caririemacao.com\/1\/wp-json\/wp\/v2\/posts\/169555","targetHints":{"allow":["GET"]}}],"collection":[{"href":"https:\/\/www.caririemacao.com\/1\/wp-json\/wp\/v2\/posts"}],"about":[{"href":"https:\/\/www.caririemacao.com\/1\/wp-json\/wp\/v2\/types\/post"}],"author":[{"embeddable":true,"href":"https:\/\/www.caririemacao.com\/1\/wp-json\/wp\/v2\/users\/2"}],"replies":[{"embeddable":true,"href":"https:\/\/www.caririemacao.com\/1\/wp-json\/wp\/v2\/comments?post=169555"}],"version-history":[{"count":1,"href":"https:\/\/www.caririemacao.com\/1\/wp-json\/wp\/v2\/posts\/169555\/revisions"}],"predecessor-version":[{"id":169557,"href":"https:\/\/www.caririemacao.com\/1\/wp-json\/wp\/v2\/posts\/169555\/revisions\/169557"}],"wp:featuredmedia":[{"embeddable":true,"href":"https:\/\/www.caririemacao.com\/1\/wp-json\/wp\/v2\/media\/169556"}],"wp:attachment":[{"href":"https:\/\/www.caririemacao.com\/1\/wp-json\/wp\/v2\/media?parent=169555"}],"wp:term":[{"taxonomy":"category","embeddable":true,"href":"https:\/\/www.caririemacao.com\/1\/wp-json\/wp\/v2\/categories?post=169555"},{"taxonomy":"post_tag","embeddable":true,"href":"https:\/\/www.caririemacao.com\/1\/wp-json\/wp\/v2\/tags?post=169555"}],"curies":[{"name":"wp","href":"https:\/\/api.w.org\/{rel}","templated":true}]}}