{"id":169559,"date":"2020-05-15T06:59:55","date_gmt":"2020-05-15T09:59:55","guid":{"rendered":"https:\/\/www.caririemacao.com\/1\/?p=169559"},"modified":"2020-05-15T06:59:55","modified_gmt":"2020-05-15T09:59:55","slug":"bolsonaro-enquadra-ministro-area-da-saude-vai-alterar-protocolo-sobre-cloroquina","status":"publish","type":"post","link":"https:\/\/www.caririemacao.com\/1\/2020\/05\/15\/bolsonaro-enquadra-ministro-area-da-saude-vai-alterar-protocolo-sobre-cloroquina\/","title":{"rendered":"Bolsonaro \u00b4enquadra\u00b4 ministro; \u00e1rea da Sa\u00fade vai alterar protocolo sobre cloroquina"},"content":{"rendered":"\n<h1 class=\"wp-block-heading\"><\/h1>\n\n\n\n<p> Em uma teleconfer\u00eancia com grandes empres\u00e1rios organizada nesta quinta-feira (14) pelo presidente da Fiesp (Federa\u00e7\u00e3o das Ind\u00fastrias do Estado de S\u00e3o Paulo), Paulo Skaf, Bolsonaro afirmou que o protocolo atual \u2013que avaliza o uso do medicamento para casos cr\u00edticos e graves\u2013 \u201cpode e vai mudar\u201d.<\/p>\n\n\n\n<p>\u201cAgora votaram em mim para eu decidir e essa quest\u00e3o da cloroquina passa por mim. Est\u00e1 tudo bem com o ministro da Sa\u00fade [Nelson Teich], sem problema nenhum, acredito no trabalho dele. Mas essa quest\u00e3o da cloroquina vamos resolver. N\u00e3o pode o protocolo \u2013de 31 de mar\u00e7o agora, quando estava o ministro da sa\u00fade anterior [Luiz Henrique Mandetta]\u2013 dizendo que s\u00f3 pode usar em caso grave\u2026 n\u00e3o pode mudar o protocolo agora? Pode mudar e vai mudar\u201d, declarou Bolsonaro.<\/p>\n\n\n\n<p>Juntamente com o impasse sobre o isolamento social, diverg\u00eancias sobre a aplica\u00e7\u00e3o da cloroquina e da hidroxicloroquina em pacientes da Covid-19 foram um dos principais pontos que levaram \u00e0 demiss\u00e3o de Mandetta, em 16 de abril.<\/p>\n\n\n\n<p>Teich, no entanto, tem resistido a apoiar integralmente a linha de Bolsonaro sobre o tema: a de que as subst\u00e2ncias deveriam ser prescritas tamb\u00e9m para doentes com sintomas leves do coronav\u00edrus.<\/p>\n\n\n\n<p>Foto: ABr<\/p>\n\n\n\n<p>Mais recentemente, numa sequ\u00eancia de mensagens no Twitter em que destacou a posi\u00e7\u00e3o do Minist\u00e9rio da Sa\u00fade e a do CFM (Conselho Federal de Medicina), que autorizou a cloroquina para casos leves, Teich fez um alerta. \u201cA cloroquina \u00e9 um medicamento com efeitos colaterais. Ent\u00e3o, qualquer prescri\u00e7\u00e3o deve ser feita com base em avalia\u00e7\u00e3o m\u00e9dica. O paciente deve entender os riscos e assinar o \u2018Termo de Consentimento\u2019 antes de iniciar o uso da cloroquina.<\/p>\n\n\n\n<p>Em 23 de abril, o CFM, mesmo ressaltando que n\u00e3o existe comprova\u00e7\u00e3o cient\u00edfica de que a cloroquina seja eficaz para o tratamento do novo coronav\u00edrus, liberou o uso do medicamento em diferentes situa\u00e7\u00f5es, incluindo no in\u00edcio de sintomas sugestivos de Covid-19 e em ambiente domiciliar.<\/p>\n\n\n\n<p>Ap\u00f3s o parecer do CFM, Teich j\u00e1 havia indicado que a pasta n\u00e3o seria favor\u00e1vel ao uso do rem\u00e9dio em todos os casos, o que irritou Bolsonaro.<\/p>\n\n\n\n<p>\u201cAlgu\u00e9m acha que eu estou a fim de aumentar o n\u00famero de mortos no Brasil? Como est\u00e3o exigindo na quest\u00e3o da cloroquina agora tamb\u00e9m. Se o Conselho Federal de Medicina decidiu que pode usar cloroquina desde os primeiros sintomas, por que o governo federal, via ministro da sa\u00fade, vai dizer que \u00e9 s\u00f3 em caso caso grave?\u201d, queixou-se o presidente, na videoconfer\u00eancia com empres\u00e1rios nesta quinta.<\/p>\n","protected":false},"excerpt":{"rendered":"<p>Em uma teleconfer\u00eancia com grandes empres\u00e1rios organizada nesta quinta-feira (14) pelo presidente da Fiesp (Federa\u00e7\u00e3o das Ind\u00fastrias do Estado de S\u00e3o Paulo), Paulo Skaf, Bolsonaro&hellip; <\/p>\n","protected":false},"author":2,"featured_media":169560,"comment_status":"closed","ping_status":"closed","sticky":false,"template":"","format":"standard","meta":{"sfsi_plus_gutenberg_text_before_share":"","sfsi_plus_gutenberg_show_text_before_share":"","sfsi_plus_gutenberg_icon_type":"","sfsi_plus_gutenberg_icon_alignemt":"","sfsi_plus_gutenburg_max_per_row":"","footnotes":""},"categories":[2],"tags":[],"class_list":["post-169559","post","type-post","status-publish","format-standard","has-post-thumbnail","hentry","category-geral"],"_links":{"self":[{"href":"https:\/\/www.caririemacao.com\/1\/wp-json\/wp\/v2\/posts\/169559","targetHints":{"allow":["GET"]}}],"collection":[{"href":"https:\/\/www.caririemacao.com\/1\/wp-json\/wp\/v2\/posts"}],"about":[{"href":"https:\/\/www.caririemacao.com\/1\/wp-json\/wp\/v2\/types\/post"}],"author":[{"embeddable":true,"href":"https:\/\/www.caririemacao.com\/1\/wp-json\/wp\/v2\/users\/2"}],"replies":[{"embeddable":true,"href":"https:\/\/www.caririemacao.com\/1\/wp-json\/wp\/v2\/comments?post=169559"}],"version-history":[{"count":1,"href":"https:\/\/www.caririemacao.com\/1\/wp-json\/wp\/v2\/posts\/169559\/revisions"}],"predecessor-version":[{"id":169561,"href":"https:\/\/www.caririemacao.com\/1\/wp-json\/wp\/v2\/posts\/169559\/revisions\/169561"}],"wp:featuredmedia":[{"embeddable":true,"href":"https:\/\/www.caririemacao.com\/1\/wp-json\/wp\/v2\/media\/169560"}],"wp:attachment":[{"href":"https:\/\/www.caririemacao.com\/1\/wp-json\/wp\/v2\/media?parent=169559"}],"wp:term":[{"taxonomy":"category","embeddable":true,"href":"https:\/\/www.caririemacao.com\/1\/wp-json\/wp\/v2\/categories?post=169559"},{"taxonomy":"post_tag","embeddable":true,"href":"https:\/\/www.caririemacao.com\/1\/wp-json\/wp\/v2\/tags?post=169559"}],"curies":[{"name":"wp","href":"https:\/\/api.w.org\/{rel}","templated":true}]}}