{"id":169567,"date":"2020-05-15T07:14:01","date_gmt":"2020-05-15T10:14:01","guid":{"rendered":"https:\/\/www.caririemacao.com\/1\/?p=169567"},"modified":"2020-05-15T07:14:01","modified_gmt":"2020-05-15T10:14:01","slug":"jair-bolsonaro-e-guerra-tem-que-jogar-pesado-com-governadores","status":"publish","type":"post","link":"https:\/\/www.caririemacao.com\/1\/2020\/05\/15\/jair-bolsonaro-e-guerra-tem-que-jogar-pesado-com-governadores\/","title":{"rendered":"Jair Bolsonaro: \u201c\u00c9 guerra, tem que jogar pesado com governadores\u201d"},"content":{"rendered":"\n<h1 class=\"wp-block-heading\"><\/h1>\n\n\n\n<p>\u201cUm homem est\u00e1 decidindo o futuro de S\u00e3o Paulo, decidindo o futuro da economia do Brasil\u201d, afirmou Bolsonaro, referindo-se ao governador paulista, Jo\u00e3o Doria (PSDB), seu advers\u00e1rio pol\u00edtico. \u201cOs senhores, com todo o respeito, t\u00eam que chamar o governador e jogar pesado. Jogar pesado, porque a quest\u00e3o \u00e9 s\u00e9ria, \u00e9 guerra\u201d, disse.<\/p>\n\n\n\n<p>\u201cN\u00f3s temos que mostrar a cara, botar a cara para apanhar. Porque n\u00f3s devemos mostrar a consequ\u00eancia l\u00e1 na frente. L\u00e1 na frente, eu tenho falado com o ministro Fernando [Azevedo], da Defesa\u2026 os problemas v\u00e3o come\u00e7ar a acontecer. De caos, saque a supermercados, desobedi\u00eancia civil. N\u00e3o adianta querer convocar as For\u00e7as Armadas porque n\u00e3o existe gente para tanta GLO [Garantia da Lei e da Ordem].\u201d<\/p>\n\n\n\n<p>Desde o in\u00edcio da pandemia, Bolsonaro tem minimizado o impacto do coronav\u00edrus e se colocado contra medidas de distanciamento social, atitude que culminou na demiss\u00e3o de seu ministro da Sa\u00fade, Luiz Henrique Mandetta, e, na semana passada, por exemplo, em uma marcha com empres\u00e1rios ao STF.<\/p>\n\n\n\n<p>Apesar de dizer lamentar as mortes, o presidente tem dado declara\u00e7\u00f5es \u00e0s vezes em car\u00e1ter ir\u00f4nico quando questionado sobre as perdas humanas. Como na ocasi\u00e3o em que afirmou n\u00e3o ser coveiro ou quando disse: \u201cE da\u00ed? Lamento. Quer que eu fa\u00e7a o qu\u00ea? Eu sou Messias, mas n\u00e3o fa\u00e7o milagre\u201d.<\/p>\n\n\n\n<p>A videoconfer\u00eancia desta quinta-feira foi organizada pelo presidente da Fiesp (Federa\u00e7\u00e3o das Ind\u00fastrias do Estado de S\u00e3o Paulo), Paulo Skaf, aliado pol\u00edtico de Bolsonaro.<\/p>\n\n\n\n<p>Cr\u00edtico das a\u00e7\u00f5es de isolamento social, o presidente tem atacado principalmente Doria e o governador do Rio, Wilson Witzel (PSC).<br>Nesta quinta, Doria disse que Bolsonaro deveria sair da \u201cbolha de \u00f3dio\u201d e acordar para a realidade. Em nota, afirmou que o presidente perdeu mais uma chance de \u201cdefender a sa\u00fade e a vida dos brasileiros\u201d.<\/p>\n\n\n\n<p>\u201cO presidente Jair Bolsonaro despreza vidas. Ele prefere fazer com\u00edcios, andar de jet ski, treinar tiros e fazer churrasco. Enquanto isso, milhares de brasileiros est\u00e3o morrendo todos os dias. Acorde para a realidade, presidente Bolsonaro. Saia da bolha de \u00f3dio e comece a ser um l\u00edder. Se for capaz\u201d, disse Doria.<img decoding=\"async\" data-src=\"https:\/\/paraibaonline.com.br\/wp-content\/uploads\/2020\/05\/BOLSONARO-REUNI%C3%83O-556x417.jpg\" alt=\"Foto: reprodu\u00e7\u00e3o\" data-srcset=\"https:\/\/paraibaonline.com.br\/wp-content\/uploads\/2020\/05\/BOLSONARO-REUNI\u00c3O-556x417.jpg 556w, https:\/\/paraibaonline.com.br\/wp-content\/uploads\/2020\/05\/BOLSONARO-REUNI\u00c3O.jpg 680w\" src=\"data:image\/svg+xml;base64,PHN2ZyB3aWR0aD0iMSIgaGVpZ2h0PSIxIiB4bWxucz0iaHR0cDovL3d3dy53My5vcmcvMjAwMC9zdmciPjwvc3ZnPg==\" class=\"lazyload\" style=\"--smush-placeholder-width: 556px; --smush-placeholder-aspect-ratio: 556\/417;\"><\/p>\n\n\n\n<p>Foto: reprodu\u00e7\u00e3o<\/p>\n\n\n\n<p>At\u00e9 aqui, Bolsonaro tem colecionado derrotas em seu embate com prefeitos e governadores. Inicialmente prometeu canetadas e medidas provis\u00f3rias, assinou decretos, mas acabou derrotado no Supremo ou viu suas medidas sempre ignoradas pela maioria dos gestores nos estados e munic\u00edpios.<\/p>\n\n\n\n<p>Nesta quinta, o presidente voltou a se queixar da determina\u00e7\u00e3o de diversos governadores, amparados por uma decis\u00e3o do STF (Supremo Tribunal Federal), de ignorar um decreto presidencial que ampliou o n\u00famero de atividades consideradas essenciais. Para Bolsonaro, trata-se de um ato de \u201cdesobedi\u00eancia civil\u201d.<\/p>\n\n\n\n<p>\u201cN\u00f3s devemos buscar cada vez mais r\u00e1pido abrir o mercado. Como eu abri agora, por exemplo, o decreto colocando academias, sal\u00f5es de beleza e barbearia [como atividades essenciais]. Semana passada eu botei a constru\u00e7\u00e3o civil e a quest\u00e3o industrial. Tem governador falando que n\u00e3o vai cumprir. Eles est\u00e3o partindo para a desobedi\u00eancia civil.\u201d<\/p>\n\n\n\n<p>Em outro momento de fortes ataques aos chefes de Executivo nos estados, Bolsonaro afirmou que, ao que parece, existe no Brasil uma \u201cquest\u00e3o pol\u00edtica\u201d, com o objetivo de \u201cquebrar a economia para atingir o governo\u201d.<\/p>\n\n\n\n<p>A conclama\u00e7\u00e3o para que os empres\u00e1rios \u201cjoguem pesado\u201d com Doria e os demais governadores ocorreu ap\u00f3s coment\u00e1rio do chefe da Secom (Secretaria de Comunica\u00e7\u00e3o Social), Fabio Wajngarten, que pouco antes havia dito que, na pr\u00f3xima semana, S\u00e3o Paulo poderia entrar em regime de \u201clockdown\u201d.<\/p>\n\n\n\n<p>\u201c\u00c9 o Brasil que est\u00e1 em jogo. Se continuar o empobrecimento da popula\u00e7\u00e3o, daqui a pouco seremos iguais na mis\u00e9ria. E a mis\u00e9ria \u00e9 o terreno f\u00e9rtil para aparecer aqueles falsos profetas, aquelas pessoas que podem levantar borduna e partir [para] fazer com que o Brasil se torne um regime semelhante \u00e0 Venezuela. N\u00e3o podemos admitir isso.\u201d<\/p>\n\n\n\n<p>Antes da fala de Bolsonaro, alguns empres\u00e1rios se pronunciaram na reuni\u00e3o e deram exemplos de setores que est\u00e3o em atividade e, segundo eles, n\u00e3o registram problemas relevantes de sa\u00fade entre os funcion\u00e1rios.<\/p>\n\n\n\n<p>Carlos Sanchez, presidente da farmac\u00eautica EMS, disse que aproximadamente metade dos 9.000 funcion\u00e1rios da companhia est\u00e1 em home office, com poucos registros de coronav\u00edrus.<\/p>\n\n\n\n<p>\u201cTemos que levar isso aos governadores. A gente tem que agir mais em cima dos governadores. Mas para alguns lugares com pandemia avan\u00e7ada n\u00e3o \u00e9 o momento [de abrir], tem que ser de maneira segura\u201d, disse.<\/p>\n\n\n\n<p>O presidente do Conselho de Administra\u00e7\u00e3o da construtora Cyrela, Elie Horn, disse n\u00e3o saber se o setor de shoppings centers vai sobreviver \u00e0 crise e pediu uma solu\u00e7\u00e3o que envolva a uni\u00e3o entre empres\u00e1rios, prefeitos, governadores, governo federal e Congresso.<\/p>\n\n\n\n<p>O ponto foi refor\u00e7ado pelo presidente da Via Varejo, Roberto Fulcherberguer. \u201cSe n\u00e3o houver coordena\u00e7\u00e3o entre munic\u00edpios, estados e governo federal, vai ser bastante dif\u00edcil a gente seguir qualquer plano de abertura\u201d, afirmou.<\/p>\n\n\n\n<p>Anfitri\u00e3o do encontro, o presidente da Fiesp, Paulo Skaf, disse que \u201ctrabalhar com cuidados n\u00e3o significa risco \u00e0 vida\u201d e criticou \u201cdecis\u00f5es radicais\u201d de isolamento nos estados.<\/p>\n\n\n\n<p>Mais cedo, em frente ao Pal\u00e1cio da Alvorada, Bolsonaro fez um apelo pela reabertura do com\u00e9rcio e disse que, caso contr\u00e1rio, \u201cvamos morrer de fome\u201d. O presidente afirmou que est\u00e1 pronto para conversar com os chefes de governo estaduais sobre o tema.<\/p>\n\n\n\n<p>\u201cTem que reabrir, n\u00f3s vamos morrer de fome. A fome mata, a fome mata! Ent\u00e3o, [\u00e9] o apelo que eu fa\u00e7o aos governadores: revejam essa pol\u00edtica, eu estou pronto para conversar. Vamos preservar vidas, vamos. Mas dessa forma, o pre\u00e7o l\u00e1 na frente ser\u00e3o centenas a mais de vidas que vamos perder, por causa dessas medidas absurdas de fechar tudo\u201d, declarou Bolsonaro, na sa\u00edda do Pal\u00e1cio da Alvorada.<\/p>\n\n\n\n<p>Na teleconfer\u00eancia com l\u00edderes empresariais, Bolsonaro voltou a falar da redu\u00e7\u00e3o salarial de 25% para jornalistas durante a crise econ\u00f4mica causada pela pandemia do coronav\u00edrus. E pediu para empres\u00e1rios n\u00e3o anunciarem em jornais que, segundo ele, fazem uma cobertura desequilibrada e negativa do governo.<\/p>\n\n\n\n<p>\u201cVoc\u00eas que anunciam em jornais e televis\u00f5es. Tem TV e jornal que vive esculhambando o Brasil. Por favor, n\u00e3o anunciem mais nessa televis\u00e3o e nesse jornal. V\u00e3o para outras TVs e outros jornais, que tenham um jornalismo s\u00e9rio, que n\u00e3o fique levando o terror o tempo todo entre lares aqui no Brasil\u201d, afirmou.<\/p>\n\n\n\n<p>\u201cGlobo, Folha, Jornal do Commercio e Estad\u00e3o reduziram 25% o sal\u00e1rio do seu pessoal. Est\u00e3o sentindo na pele agora, n\u00e3o adianta dar pancada no Jair Bolsonaro\u201d, disse, destacando que n\u00e3o pode ser responsabilizado por tudo. Declara\u00e7\u00e3o semelhante foi dada por ele aos jornalistas pela manh\u00e3, no Pal\u00e1cio do Alvorada.<\/p>\n\n\n\n<p>Algumas empresas jornal\u00edsticas j\u00e1 aderiram \u00e0 medida provis\u00f3ria do governo que autoriza a suspens\u00e3o de contratos ou redu\u00e7\u00e3o de sal\u00e1rios e jornadas de trabalhadores durante a crise provocada pelo coronav\u00edrus. Outras empresas da \u00e1rea est\u00e3o em processo de negocia\u00e7\u00e3o.<\/p>\n\n\n\n<p>O n\u00famero de trabalhadores formais que tiveram sal\u00e1rios e jornadas reduzidos ou contratos suspensos ap\u00f3s a crise do coronav\u00edrus ultrapassou 7 milh\u00f5es na segunda-feira (11), segundo o Minist\u00e9rio da Economia. Pelo menos 600 mil empresas aderiram, de acordo com os \u00faltimos dados do governo.<\/p>\n\n\n\n<p>At\u00e9 agora, n\u00e3o houve movimentos para redu\u00e7\u00e3o de sal\u00e1rios do presidente Bolsonaro e de servidores do Executivo durante a crise.<\/p>\n\n\n\n<p>A videoconfer\u00eancia de Bolsonaro, realizada pelo aplicativo Zoom e sem senha para acesso, teve um momento constrangedor. A certa altura, Bolsonaro interrompeu uma fala de Skaf para avisar que uma das pessoas assistindo a transmiss\u00e3o aparecia pelada em sua webcam. \u201cPaulo, d\u00e1 uma parada a\u00ed. Paulo, tem um colega do \u00faltimo quadrinho ali\u2026 saiu fora, saiu fora, ok\u201d, disse o presidente.<\/p>\n\n\n\n<p>Aos risos, o ministro Paulo Guedes (Economia) emendou: \u201cTem um cara tomando banho a\u00ed pelad\u00e3o, tem um pelad\u00e3o a\u00ed fazendo isolamento. Pelad\u00e3o em casa e tal, beleza\u201d, disse o ministro.<\/p>\n","protected":false},"excerpt":{"rendered":"<p>\u201cUm homem est\u00e1 decidindo o futuro de S\u00e3o Paulo, decidindo o futuro da economia do Brasil\u201d, afirmou Bolsonaro, referindo-se ao governador paulista, Jo\u00e3o Doria (PSDB),&hellip; <\/p>\n","protected":false},"author":2,"featured_media":169537,"comment_status":"closed","ping_status":"closed","sticky":false,"template":"","format":"standard","meta":{"sfsi_plus_gutenberg_text_before_share":"","sfsi_plus_gutenberg_show_text_before_share":"","sfsi_plus_gutenberg_icon_type":"","sfsi_plus_gutenberg_icon_alignemt":"","sfsi_plus_gutenburg_max_per_row":"","footnotes":""},"categories":[11],"tags":[],"class_list":["post-169567","post","type-post","status-publish","format-standard","has-post-thumbnail","hentry","category-politica"],"_links":{"self":[{"href":"https:\/\/www.caririemacao.com\/1\/wp-json\/wp\/v2\/posts\/169567","targetHints":{"allow":["GET"]}}],"collection":[{"href":"https:\/\/www.caririemacao.com\/1\/wp-json\/wp\/v2\/posts"}],"about":[{"href":"https:\/\/www.caririemacao.com\/1\/wp-json\/wp\/v2\/types\/post"}],"author":[{"embeddable":true,"href":"https:\/\/www.caririemacao.com\/1\/wp-json\/wp\/v2\/users\/2"}],"replies":[{"embeddable":true,"href":"https:\/\/www.caririemacao.com\/1\/wp-json\/wp\/v2\/comments?post=169567"}],"version-history":[{"count":1,"href":"https:\/\/www.caririemacao.com\/1\/wp-json\/wp\/v2\/posts\/169567\/revisions"}],"predecessor-version":[{"id":169568,"href":"https:\/\/www.caririemacao.com\/1\/wp-json\/wp\/v2\/posts\/169567\/revisions\/169568"}],"wp:featuredmedia":[{"embeddable":true,"href":"https:\/\/www.caririemacao.com\/1\/wp-json\/wp\/v2\/media\/169537"}],"wp:attachment":[{"href":"https:\/\/www.caririemacao.com\/1\/wp-json\/wp\/v2\/media?parent=169567"}],"wp:term":[{"taxonomy":"category","embeddable":true,"href":"https:\/\/www.caririemacao.com\/1\/wp-json\/wp\/v2\/categories?post=169567"},{"taxonomy":"post_tag","embeddable":true,"href":"https:\/\/www.caririemacao.com\/1\/wp-json\/wp\/v2\/tags?post=169567"}],"curies":[{"name":"wp","href":"https:\/\/api.w.org\/{rel}","templated":true}]}}