{"id":169570,"date":"2020-05-15T07:19:53","date_gmt":"2020-05-15T10:19:53","guid":{"rendered":"https:\/\/www.caririemacao.com\/1\/?p=169570"},"modified":"2020-05-15T07:19:53","modified_gmt":"2020-05-15T10:19:53","slug":"hospitais-privados-na-paraiba-nao-podem-recusar-pacientes-com-covid-19","status":"publish","type":"post","link":"https:\/\/www.caririemacao.com\/1\/2020\/05\/15\/hospitais-privados-na-paraiba-nao-podem-recusar-pacientes-com-covid-19\/","title":{"rendered":"Hospitais privados na Para\u00edba n\u00e3o podem recusar pacientes com Covid-19"},"content":{"rendered":"\n<h1 class=\"wp-block-heading\"><\/h1>\n\n\n\n<p>A lei 11.686\/2020, denominada \u201cfila zero\u201d, foi sancionada pelo governador Jo\u00e3o Azev\u00eado (Cidadania).<\/p>\n\n\n\n<p>De autoria do deputado Wilson Filho e aprovada por unanimidade na ALPB, a lei pro\u00edbe hospitais p\u00fablicos e privados de recusar pacientes quando houver decreta\u00e7\u00e3o de Estado de calamidade p\u00fablica em raz\u00e3o de epidemias, pandemias e endemias.<\/p>\n\n\n\n<p>A lei tamb\u00e9m pro\u00edbe os hospitais privados, conveniados ou n\u00e3o ao SUS, a recusa de atendimento na rede de sa\u00fade, sem justo motivo, de paciente suspeito ou confirmado de estar com a Covid-19, que tenha sido encaminhado \u00e0 unidade hospitalar pela Secretaria Estadual de Sa\u00fade da Para\u00edba (SES-PB)<\/p>\n\n\n\n<p>Na Para\u00edba, a curva ascendente do coronav\u00edrus vem preocupando as autoridades de sa\u00fade e \u00e9 baixa a taxa de isolamento social, principalmente na regi\u00e3o metropolitana.<\/p>\n\n\n\n<p>Em entrevista nesta quinta-feira (14), o governador comentou sobre a lei da \u201cfila zero\u201d esclarecendo que s\u00f3 haver\u00e1 requisi\u00e7\u00e3o de leitos privados, caso haja um colapso no Sistema \u00danico de Sa\u00fade (SUS).<\/p>\n\n\n\n<p>\u2013 Sobre a lei dos leitos \u00e9 preciso entender que: n\u00e3o ser\u00e1 requisitado leito enquanto houver leitos do SUS. Ela foi criada caso haja um colapso no sistema p\u00fablico. O n\u00famero de leitos p\u00fablicos de UTI \u00e9 maior do que os privados. Eu espero que ela n\u00e3o seja necess\u00e1ria, pois estamos trabalhando. Mas, se numa situa\u00e7\u00e3o futura um cidad\u00e3o precisar de um leito de UTI e n\u00e3o tiver no SUS, n\u00f3s vamos requisitar \u2013 ressaltou.<\/p>\n","protected":false},"excerpt":{"rendered":"<p>A lei 11.686\/2020, denominada \u201cfila zero\u201d, foi sancionada pelo governador Jo\u00e3o Azev\u00eado (Cidadania). De autoria do deputado Wilson Filho e aprovada por unanimidade na ALPB,&hellip; <\/p>\n","protected":false},"author":2,"featured_media":169571,"comment_status":"closed","ping_status":"closed","sticky":false,"template":"","format":"standard","meta":{"sfsi_plus_gutenberg_text_before_share":"","sfsi_plus_gutenberg_show_text_before_share":"","sfsi_plus_gutenberg_icon_type":"","sfsi_plus_gutenberg_icon_alignemt":"","sfsi_plus_gutenburg_max_per_row":"","footnotes":""},"categories":[16],"tags":[],"class_list":["post-169570","post","type-post","status-publish","format-standard","has-post-thumbnail","hentry","category-saude"],"_links":{"self":[{"href":"https:\/\/www.caririemacao.com\/1\/wp-json\/wp\/v2\/posts\/169570","targetHints":{"allow":["GET"]}}],"collection":[{"href":"https:\/\/www.caririemacao.com\/1\/wp-json\/wp\/v2\/posts"}],"about":[{"href":"https:\/\/www.caririemacao.com\/1\/wp-json\/wp\/v2\/types\/post"}],"author":[{"embeddable":true,"href":"https:\/\/www.caririemacao.com\/1\/wp-json\/wp\/v2\/users\/2"}],"replies":[{"embeddable":true,"href":"https:\/\/www.caririemacao.com\/1\/wp-json\/wp\/v2\/comments?post=169570"}],"version-history":[{"count":1,"href":"https:\/\/www.caririemacao.com\/1\/wp-json\/wp\/v2\/posts\/169570\/revisions"}],"predecessor-version":[{"id":169572,"href":"https:\/\/www.caririemacao.com\/1\/wp-json\/wp\/v2\/posts\/169570\/revisions\/169572"}],"wp:featuredmedia":[{"embeddable":true,"href":"https:\/\/www.caririemacao.com\/1\/wp-json\/wp\/v2\/media\/169571"}],"wp:attachment":[{"href":"https:\/\/www.caririemacao.com\/1\/wp-json\/wp\/v2\/media?parent=169570"}],"wp:term":[{"taxonomy":"category","embeddable":true,"href":"https:\/\/www.caririemacao.com\/1\/wp-json\/wp\/v2\/categories?post=169570"},{"taxonomy":"post_tag","embeddable":true,"href":"https:\/\/www.caririemacao.com\/1\/wp-json\/wp\/v2\/tags?post=169570"}],"curies":[{"name":"wp","href":"https:\/\/api.w.org\/{rel}","templated":true}]}}