{"id":169574,"date":"2020-05-15T07:25:12","date_gmt":"2020-05-15T10:25:12","guid":{"rendered":"https:\/\/www.caririemacao.com\/1\/?p=169574"},"modified":"2020-05-15T07:25:12","modified_gmt":"2020-05-15T10:25:12","slug":"paraiba-tem-3-361-infectados-e-160-mortos-por-covid-19","status":"publish","type":"post","link":"https:\/\/www.caririemacao.com\/1\/2020\/05\/15\/paraiba-tem-3-361-infectados-e-160-mortos-por-covid-19\/","title":{"rendered":"Para\u00edba tem 3.361 infectados e 160 mortos por covid-19"},"content":{"rendered":"\n<h1 class=\"wp-block-heading\"><\/h1>\n\n\n\n<p>A Secretaria de Estado da Sa\u00fade divulgou, no in\u00edcio da noite desta quinta-feira (14), um boletim informativo com os novos n\u00fameros do covid-19 na Para\u00edba.&nbsp;<\/p>\n\n\n\n<ul class=\"wp-block-list\"><li>Casos Confirmados:&nbsp; 3361<\/li><li>Casos Descartados: 4233<\/li><li>\u00d3bitos confirmados: 160<\/li><li>Casos recuperados: 731<\/li><\/ul>\n\n\n\n<p>Nesta quinta, 14 de maio, a Para\u00edba registra mais uma vez,&nbsp; o maior n\u00famero de casos e em um \u00fanico dia, s\u00e3o 316 novos casos de Covid-19 e 3 \u00f3bitos causados pela doen\u00e7a. Assim, a Para\u00edba atinge 3361 casos de Covid -19. Destes, 160, infelizmente, faleceram e 731 j\u00e1 se recuperaram, segundo informa\u00e7\u00f5es das Secretarias Municipais de Sa\u00fade. Outros 4.233 casos investigados j\u00e1 foram descartados para Covid-19. Dos leitos de UTI para adultos ativados em todo o Estado, 72% est\u00e3o ocupados.&nbsp;<\/p>\n\n\n\n<p><strong>LEIA MAIS<\/strong>:&nbsp;<a href=\"https:\/\/www.clickpb.com.br\/paraiba\/joao-pessoa-tem-1368-casos-confirmados-de-covid-19-e-bairro-de-mangabeira-segue-com-maior-indice-de-contaminacao-283982.html\">Jo\u00e3o Pessoa tem 1.368 casos confirmados de Covid-19 e bairro de Mangabeira segue com maior \u00edndice de contamina\u00e7\u00e3o<\/a><\/p>\n\n\n\n<p>Na Regi\u00e3o Metropolitana de Jo\u00e3o Pessoa, a taxa de ocupa\u00e7\u00e3o de UTI para adultos \u00e9 de 89%. O \u00cdndice de Isolamento social registrado pela Inloco&nbsp; no dia anterior \u00e9 de 45%.<\/p>\n\n\n\n<p>Os casos confirmados est\u00e3o em&nbsp; 125 munic\u00edpios paraibanos:<\/p>\n\n\n\n<p>Alagoa Grande (10); Alagoa Nova (2); Alagoinha (11); Alhandra (50); Ara\u00e7agi (6); Areia (8); Areial (1); Aroeiras (5); Baia da Trai\u00e7\u00e3o (7); Bananeiras (8); Barra de Santana (4); Barra de S\u00e3o Miguel (1); Bayeux (76); Bel\u00e9m (4); Bom Jesus (1); Boqueir\u00e3o (2); Borborema&nbsp; (1);&nbsp; Brejo do Cruz (1); Caapor\u00e3 (85); Cabedelo (164); Cai\u00e7ara (7); Cajazeiras (27); Cajazeirinhas (1) Campina Grande (160); Capim (4);&nbsp; Casserengue (1); Catingueira (1); Concei\u00e7\u00e3o (1);&nbsp; Condado (14);&nbsp; Conde (26); Congo (10); Coremas (8); Coxixola (3); Cruz do Esp\u00edrito Santo (25); Cuit\u00e9 (1);&nbsp; Cuit\u00e9 de Mamanguape (1); Cuiteg\u00ed (5); Curral de Cima (1);&nbsp; Duas Estradas (1); Esperan\u00e7a (6); Gado Bravo (2);&nbsp; Guarabira (120); Gurinh\u00e9m (6); Igaracy (1); Imaculada (3); Ing\u00e1 (1); Itabaiana (16); Itaporanga (2); Itapororoca (12); Itatuba (4); Jacara\u00fa (2);&nbsp; Jo\u00e3o Pessoa (1451); Joca Claudino (1); Juarez T\u00e1vora (1); Juazeirinho (15);&nbsp; Junco do Serid\u00f3 (3); Juripiranga (14);&nbsp; Lagoa de Dentro (2); Lagoa Seca (8); Lucena (23); Malta (2); Mamanguape (13); Mari (42); Mariz\u00f3polis (4); Massaranduba (4); Mataraca (1); Matinhas (1); Matureia (1); Mogeiro (1);&nbsp; Monteiro (9); Mulungu (3); Natuba (1); Nova Floresta (1), Nova Olinda (1); Olho D\u00b4\u00c1gua (1); Patos (174); Pedras de Fogo (38); Pianc\u00f3 (5); Picu\u00ed (1); Pilar (14); Pil\u00f5es (1); Pil\u00f5ezinhos (7); Pirpirituba (6); Pitimbu (16); Pocinhos (1);&nbsp; Pombal (6); Princesa Isabel (3); Puxinan\u00e3 (1);&nbsp; Queimadas (6); Quixaba (1); Rem\u00edgio (11); Riach\u00e3o do Bacamarte (5);&nbsp; Riach\u00e3o do Po\u00e7o (1); Riacho dos Cavalos (2); Rio Tinto (15); Santa Helena (1); Santa Luzia (4); Santa Rita (271); Santa Terezinha (1); S\u00e3o Bento (10); S\u00e3o Jo\u00e3o do Rio do Peixe (6); S\u00e3o Jos\u00e9 de Espinharas (2); S\u00e3o Jos\u00e9 de Piranhas (2); S\u00e3o Jos\u00e9 do Bonfim (2); S\u00e3o Jos\u00e9 do Sabugi (4); S\u00e3o Jos\u00e9 dos Ramos (2); S\u00e3o Miguel de Taipu (6); Salgado de S\u00e3o Felix (2);&nbsp; S\u00e3o Sebasti\u00e3o de Lagoa de Ro\u00e7a (7); Sap\u00e9 (97); Serra Branca (2); Serra da Ra\u00edz (4); Serra Redonda (2); Serraria (1); Sert\u00e3ozinho (2); Sobrado (3); Sol\u00e2nea (7);&nbsp; Soledade (2); Sousa (53); Tacima (2); Tapero\u00e1 (19); Teixeira (1);&nbsp; Uira\u00fana (2); Umbuzeiro (7); Vista Serrana (1).<\/p>\n\n\n\n<p>3 \u00f3bitos foram confirmados nesta quinta:&nbsp;<\/p>\n\n\n\n<p>Mulher, idosa, 82 anos, hipertensa, diab\u00e9tica, asm\u00e1tica, residente em Jo\u00e3o Pessoa. Inicio dos sintomas 04\/05, interna em hospital p\u00fablico, veio a \u00f3bito no dia 08\/05.&nbsp;<\/p>\n\n\n\n<p>Homem, idoso, 79 anos, hipertenso, diab\u00e9tico, residente em Caapor\u00e3. Inicio dos sintomas 29\/04, interno em hospital p\u00fablico, veio a \u00f3bito no dia 13\/05.&nbsp;<\/p>\n\n\n\n<p>Homem, 57 anos, diab\u00e9tico, residente em Santa Rita. In\u00edcio dos sintomas 02\/05, interno em hospital p\u00fablico, veio a \u00f3bito no dia 09\/05.<\/p>\n","protected":false},"excerpt":{"rendered":"<p>A Secretaria de Estado da Sa\u00fade divulgou, no in\u00edcio da noite desta quinta-feira (14), um boletim informativo com os novos n\u00fameros do covid-19 na Para\u00edba.&nbsp;&hellip; <\/p>\n","protected":false},"author":2,"featured_media":169575,"comment_status":"closed","ping_status":"closed","sticky":false,"template":"","format":"standard","meta":{"sfsi_plus_gutenberg_text_before_share":"","sfsi_plus_gutenberg_show_text_before_share":"","sfsi_plus_gutenberg_icon_type":"","sfsi_plus_gutenberg_icon_alignemt":"","sfsi_plus_gutenburg_max_per_row":"","footnotes":""},"categories":[2],"tags":[],"class_list":["post-169574","post","type-post","status-publish","format-standard","has-post-thumbnail","hentry","category-geral"],"_links":{"self":[{"href":"https:\/\/www.caririemacao.com\/1\/wp-json\/wp\/v2\/posts\/169574","targetHints":{"allow":["GET"]}}],"collection":[{"href":"https:\/\/www.caririemacao.com\/1\/wp-json\/wp\/v2\/posts"}],"about":[{"href":"https:\/\/www.caririemacao.com\/1\/wp-json\/wp\/v2\/types\/post"}],"author":[{"embeddable":true,"href":"https:\/\/www.caririemacao.com\/1\/wp-json\/wp\/v2\/users\/2"}],"replies":[{"embeddable":true,"href":"https:\/\/www.caririemacao.com\/1\/wp-json\/wp\/v2\/comments?post=169574"}],"version-history":[{"count":1,"href":"https:\/\/www.caririemacao.com\/1\/wp-json\/wp\/v2\/posts\/169574\/revisions"}],"predecessor-version":[{"id":169576,"href":"https:\/\/www.caririemacao.com\/1\/wp-json\/wp\/v2\/posts\/169574\/revisions\/169576"}],"wp:featuredmedia":[{"embeddable":true,"href":"https:\/\/www.caririemacao.com\/1\/wp-json\/wp\/v2\/media\/169575"}],"wp:attachment":[{"href":"https:\/\/www.caririemacao.com\/1\/wp-json\/wp\/v2\/media?parent=169574"}],"wp:term":[{"taxonomy":"category","embeddable":true,"href":"https:\/\/www.caririemacao.com\/1\/wp-json\/wp\/v2\/categories?post=169574"},{"taxonomy":"post_tag","embeddable":true,"href":"https:\/\/www.caririemacao.com\/1\/wp-json\/wp\/v2\/tags?post=169574"}],"curies":[{"name":"wp","href":"https:\/\/api.w.org\/{rel}","templated":true}]}}