{"id":169578,"date":"2020-05-15T07:31:16","date_gmt":"2020-05-15T10:31:16","guid":{"rendered":"https:\/\/www.caririemacao.com\/1\/?p=169578"},"modified":"2020-05-15T07:31:16","modified_gmt":"2020-05-15T10:31:16","slug":"apos-acusar-maia-de-ferrar-governo-bolsonaro-se-reune-com-deputado-e-diz-que-voltaram-a-namorar","status":"publish","type":"post","link":"https:\/\/www.caririemacao.com\/1\/2020\/05\/15\/apos-acusar-maia-de-ferrar-governo-bolsonaro-se-reune-com-deputado-e-diz-que-voltaram-a-namorar\/","title":{"rendered":"Ap\u00f3s acusar Maia de ferrar governo, Bolsonaro se re\u00fane com deputado e diz que voltaram a &#8216;namorar&#8217;"},"content":{"rendered":"\n<h1 class=\"wp-block-heading\"><\/h1>\n\n\n\n<p>Maia deixou a C\u00e2mara por volta de 15h30 em dire\u00e7\u00e3o ao Pal\u00e1cio do Planalto, onde se reuniu com os ministros Luiz Eduardo Ramos (Secretaria de Governo) e Walter Braga Netto (Casa Civil).<\/p>\n\n\n\n<p>O motivo oficial da ida do deputado ao Planalto foi atender a um convite feito havia semanas pelo ministro Ramos para que conhecesse o centro de opera\u00e7\u00f5es do coronav\u00edrus. Em entrevista coletiva concedida ao voltar \u00e0 C\u00e2mara, Maia afirmou que decidiu aceitar a proposta nesta quarta-feira.<\/p>\n\n\n\n<p>Maia foi acompanhado do deputado Juscelino Filho (DEM), relator do projeto que altera o c\u00f3digo de tr\u00e2nsito, do governador do Paran\u00e1, Ratinho Junior (PSD), e do deputado Paulo Eduardo Martins (PSC-PR).<\/p>\n\n\n\n<p>&#8220;\u00c9 meu papel institucional, principalmente num momento de crise e de perdas de tantas vidas, o mais importante \u00e9 sempre o di\u00e1logo, ver de que forma o governo federal vem atuando, conhecer o gabinete e toda a sua estrutura&#8221;, justificou Maia.<\/p>\n\n\n\n<p>Segundo ele, enquanto estava reunido com Ramos e Braga Netto, Bolsonaro apareceu e o convidou para um caf\u00e9.<\/p>\n\n\n\n<p>No encontro, Juscelino Filho entregou a Bolsonaro o relat\u00f3rio do projeto de lei que institui o novo c\u00f3digo de tr\u00e2nsito, ao que o presidente respondeu: &#8220;Agora vamos aprovar&#8221;. O governo quer votar a medida at\u00e9 semana que vem. Maia sinalizou que pode colocar na pauta.<\/p>\n\n\n\n<p>Na entrevista, Maia afirmou que o encontro durou meia hora, mas assessores presidenciais afirmam que ambos estiveram reunidos por, no m\u00e1ximo, 20 minutos.<br>O presidente da C\u00e2mara disse que a conversa girou em torno do momento enfrentado pelo pa\u00eds e que ambos buscaram olhar o que t\u00eam de &#8220;converg\u00eancia&#8221;. Maia afirmou ainda que Bolsonaro pareceu se sensibilizar com a possibilidade de adiar o exame do Enem neste ano.<\/p>\n\n\n\n<p>A reuni\u00e3o ocorreu no mesmo dia em que Bolsonaro decidiu editar uma medida provis\u00f3ria que blinda agentes p\u00fablicos contra responsabiliza\u00e7\u00e3o por atos adotados durante a crise do novo coronav\u00edrus.<\/p>\n\n\n\n<p>Tamb\u00e9m aconteceu poucas horas ap\u00f3s o presidente afirmar que Maia tenta &#8220;ferrar o governo&#8221; por entregar a relatoria da MP 936, de redu\u00e7\u00e3o de sal\u00e1rios e jornadas, para o deputado Orlando Silva (PC do B-SP).<\/p>\n\n\n\n<p>&#8220;Agora de acordo para quem o comando da C\u00e2mara d\u00e1 a relatoria, ele j\u00e1 sinaliza que n\u00e3o quer resolver nada. Parece que quer afundar a economia para ferrar o governo e para talvez tirar um proveito pol\u00edtico l\u00e1 na frente&#8221;, disse Bolsonaro.<\/p>\n\n\n\n<p>Questionado sobre os ataques do presidente da Rep\u00fablica nesta manh\u00e3, Maia colocou panos quentes.<\/p>\n\n\n\n<p>&#8220;Nosso di\u00e1logo foi para manter o di\u00e1logo, n\u00e3o foi para nos dividir&#8221;, afirmou. &#8220;Eu sei da minha responsabilidade e do meu compromisso com as pautas na C\u00e2mara dos Deputados. E todos podem ter certeza de que os projetos que v\u00eam saindo do plen\u00e1rio da C\u00e2mara, n\u00e3o apenas pela minha vontade, mas pelo trabalho dos 512 deputados, s\u00e3o textos que s\u00e3o convergentes com aquilo que a sociedade espera da C\u00e2mara dos Deputados.&#8221;<\/p>\n\n\n\n<p>Sobre a MP que protege agentes p\u00fablicos, o presidente da C\u00e2mara afirmou que a decis\u00e3o de devolver a medida \u00e9 atribui\u00e7\u00e3o do presidente do Congresso, o senador Davi Alcolumbre (DEM-AP).<\/p>\n\n\n\n<p>&#8220;Ela chegando na C\u00e2mara e tramitando, eu vou escolher um relator, e o plen\u00e1rio vai decidir se ela \u00e9 constitucional ou inconstitucional ou se precisa ser modificada para que n\u00e3o pare\u00e7a que algum agente p\u00fablico est\u00e1 sendo protegido&#8221;, afirmou.<\/p>\n\n\n\n<p>Durante a entrevista coletiva de Maia, Bolsonaro foi at\u00e9 a rampa do Planalto. Segundo assessores presidenciais, a inten\u00e7\u00e3o foi tirar o holofote da entrevista do deputado.<\/p>\n\n\n\n<p>N\u00e3o foi o primeiro ataque feito por Bolsonaro a Maia durante a pandemia. Em 16 de abril, \u00e0 emissora CNN Brasil, o presidente acusou o deputado de conspirar para tir\u00e1-lo do Planalto e qualificou sua atua\u00e7\u00e3o no comando da C\u00e2mara como p\u00e9ssima.<\/p>\n\n\n\n<p>Maia \u00e9 respons\u00e1vel por decidir se prosperam ou n\u00e3o os mais de 30 pedidos de impeachment contra Bolsonaro. Ele n\u00e3o tem prazo para tomar essas decis\u00f5es.<\/p>\n","protected":false},"excerpt":{"rendered":"<p>Maia deixou a C\u00e2mara por volta de 15h30 em dire\u00e7\u00e3o ao Pal\u00e1cio do Planalto, onde se reuniu com os ministros Luiz Eduardo Ramos (Secretaria de&hellip; <\/p>\n","protected":false},"author":2,"featured_media":169579,"comment_status":"closed","ping_status":"closed","sticky":false,"template":"","format":"standard","meta":{"sfsi_plus_gutenberg_text_before_share":"","sfsi_plus_gutenberg_show_text_before_share":"","sfsi_plus_gutenberg_icon_type":"","sfsi_plus_gutenberg_icon_alignemt":"","sfsi_plus_gutenburg_max_per_row":"","footnotes":""},"categories":[2],"tags":[],"class_list":["post-169578","post","type-post","status-publish","format-standard","has-post-thumbnail","hentry","category-geral"],"_links":{"self":[{"href":"https:\/\/www.caririemacao.com\/1\/wp-json\/wp\/v2\/posts\/169578","targetHints":{"allow":["GET"]}}],"collection":[{"href":"https:\/\/www.caririemacao.com\/1\/wp-json\/wp\/v2\/posts"}],"about":[{"href":"https:\/\/www.caririemacao.com\/1\/wp-json\/wp\/v2\/types\/post"}],"author":[{"embeddable":true,"href":"https:\/\/www.caririemacao.com\/1\/wp-json\/wp\/v2\/users\/2"}],"replies":[{"embeddable":true,"href":"https:\/\/www.caririemacao.com\/1\/wp-json\/wp\/v2\/comments?post=169578"}],"version-history":[{"count":1,"href":"https:\/\/www.caririemacao.com\/1\/wp-json\/wp\/v2\/posts\/169578\/revisions"}],"predecessor-version":[{"id":169580,"href":"https:\/\/www.caririemacao.com\/1\/wp-json\/wp\/v2\/posts\/169578\/revisions\/169580"}],"wp:featuredmedia":[{"embeddable":true,"href":"https:\/\/www.caririemacao.com\/1\/wp-json\/wp\/v2\/media\/169579"}],"wp:attachment":[{"href":"https:\/\/www.caririemacao.com\/1\/wp-json\/wp\/v2\/media?parent=169578"}],"wp:term":[{"taxonomy":"category","embeddable":true,"href":"https:\/\/www.caririemacao.com\/1\/wp-json\/wp\/v2\/categories?post=169578"},{"taxonomy":"post_tag","embeddable":true,"href":"https:\/\/www.caririemacao.com\/1\/wp-json\/wp\/v2\/tags?post=169578"}],"curies":[{"name":"wp","href":"https:\/\/api.w.org\/{rel}","templated":true}]}}