{"id":169582,"date":"2020-05-15T07:36:43","date_gmt":"2020-05-15T10:36:43","guid":{"rendered":"https:\/\/www.caririemacao.com\/1\/?p=169582"},"modified":"2020-05-15T07:36:43","modified_gmt":"2020-05-15T10:36:43","slug":"mec-publica-novos-editais-para-prouni-e-fies-2020-1-e-anuncia-datas-de-inscricoes-para-segundo-semestre","status":"publish","type":"post","link":"https:\/\/www.caririemacao.com\/1\/2020\/05\/15\/mec-publica-novos-editais-para-prouni-e-fies-2020-1-e-anuncia-datas-de-inscricoes-para-segundo-semestre\/","title":{"rendered":"MEC publica novos editais para Prouni e Fies 2020.1 e anuncia datas de inscri\u00e7\u00f5es para segundo semestre"},"content":{"rendered":"\n<h1 class=\"wp-block-heading\"><\/h1>\n\n\n\n<p>O Minist\u00e9rio da Educa\u00e7\u00e3o (MEC) publicou esta semana, no Di\u00e1rio Oficial da Uni\u00e3o, novos editais do Programa Universidade para Todos (Prouni) e do Fundo de Financiamento Estudantil (Fies) referentes ao primeiro semestre de 2020. Os candidatos nesses processos seletivos utilizam o Exame Nacional do Ensino M\u00e9dio (Enem) como forma de ingresso no ensino superior.<\/p>\n\n\n\n<p>Por nota divulgada hoje (14), o MEC alerta os estudantes a ficarem atentos \u00e0s datas finais para a entrega de documentos da lista de espera, tanto para o Prouni (21 de maio) como para a pr\u00e9-sele\u00e7\u00e3o do Fies (22 de maio).<\/p>\n\n\n\n<p>A decis\u00e3o por novas datas foi tomada ap\u00f3s o MEC ter prorrogado por tempo indeterminado o per\u00edodo das listas de espera dos dois programas, com o objetivo de \u201cminimizar os preju\u00edzos da pandemia\u201d na vida dos estudantes, sob a argumenta\u00e7\u00e3o de que \u201cdiversas institui\u00e7\u00f5es de ensino est\u00e3o com suas atividades paralisadas em raz\u00e3o da determina\u00e7\u00e3o de estados e munic\u00edpios\u201d.<\/p>\n\n\n\n<p><strong>Financiamento estudantil<\/strong><\/p>\n\n\n\n<p>O Fies \u00e9 um programa que oferece financiamento a condi\u00e7\u00f5es mais favor\u00e1veis que as de mercado, para que estudantes paguem cursos em institui\u00e7\u00f5es privadas de ensino superior. Os pr\u00e9-selecionados t\u00eam at\u00e9 3 dias \u00fateis para complementar as informa\u00e7\u00f5es apresentadas na inscri\u00e7\u00e3o \u2013 entre elas, dados banc\u00e1rios, do fiador e do seguro para pagamento da d\u00edvida em caso de morte.<\/p>\n\n\n\n<p><strong>Bolsas<\/strong><\/p>\n\n\n\n<p>J\u00e1 o Prouni seleciona estudantes para bolsas em institui\u00e7\u00f5es privadas de ensino superior. As bolsas variam de acordo com a renda dos candidatos e podem ser parciais, de 50% da mensalidade, ou integrais, de 100%. O registro de concess\u00e3o de bolsa ou reprova\u00e7\u00e3o do candidato dever\u00e1 ser feito pelas institui\u00e7\u00f5es at\u00e9 as 23h59 de 24 de maio.<\/p>\n\n\n\n<p>Nos editais, o MEC orienta as institui\u00e7\u00f5es de ensino que n\u00e3o puderem receber a documenta\u00e7\u00e3o fisicamente a disponibilizar um canal (e-mail ou n\u00famero de WhatsApp) para envio dos documentos de forma digital.<\/p>\n\n\n\n<p>\u201cAp\u00f3s a complementa\u00e7\u00e3o de informa\u00e7\u00f5es nos sistemas dos programas, os estudantes ter\u00e3o 30 dias \u00fateis para comparecer \u00e0 Comiss\u00e3o Permanente de Supervis\u00e3o e Acompanhamento (CPSA) da institui\u00e7\u00e3o de ensino na qual far\u00e1 o curso. A CPSA tem at\u00e9 5 dias \u00fateis para validar as informa\u00e7\u00f5es recebidas do aluno e emitir o Documento de Regularidade de Inscri\u00e7\u00e3o (DRI), que serve para formalizar a contrata\u00e7\u00e3o do financiamento\u201d, informou por meio de nota o MEC.<\/p>\n\n\n\n<p>Ap\u00f3s a emiss\u00e3o do DRI, o candidato ter\u00e1 30 dias \u00fateis para ir \u00e0 ag\u00eancia da Caixa Econ\u00f4mica Federal escolhida durante a inscri\u00e7\u00e3o, para formaliza\u00e7\u00e3o do contrato de financiamento.<\/p>\n\n\n\n<p><strong>Segundo Semestre<\/strong><\/p>\n\n\n\n<p>As datas de inscri\u00e7\u00e3o do Prouni, do Fies e do Sistema de Sele\u00e7\u00e3o Unificada (Sisu), para o segundo semestre de 2020, foram anunciadas recentemente. O prazo do Sisu \u00e9 de 16 a 19 de junho; para o Prouni ser\u00e1 de 23 a 26 de junho; e para o Fies ser\u00e1 de 30 de junho a 3 de julho.<\/p>\n","protected":false},"excerpt":{"rendered":"<p>O Minist\u00e9rio da Educa\u00e7\u00e3o (MEC) publicou esta semana, no Di\u00e1rio Oficial da Uni\u00e3o, novos editais do Programa Universidade para Todos (Prouni) e do Fundo de&hellip; <\/p>\n","protected":false},"author":2,"featured_media":169583,"comment_status":"closed","ping_status":"closed","sticky":false,"template":"","format":"standard","meta":{"sfsi_plus_gutenberg_text_before_share":"","sfsi_plus_gutenberg_show_text_before_share":"","sfsi_plus_gutenberg_icon_type":"","sfsi_plus_gutenberg_icon_alignemt":"","sfsi_plus_gutenburg_max_per_row":"","footnotes":""},"categories":[50,2],"tags":[],"class_list":["post-169582","post","type-post","status-publish","format-standard","has-post-thumbnail","hentry","category-destaque","category-geral"],"_links":{"self":[{"href":"https:\/\/www.caririemacao.com\/1\/wp-json\/wp\/v2\/posts\/169582","targetHints":{"allow":["GET"]}}],"collection":[{"href":"https:\/\/www.caririemacao.com\/1\/wp-json\/wp\/v2\/posts"}],"about":[{"href":"https:\/\/www.caririemacao.com\/1\/wp-json\/wp\/v2\/types\/post"}],"author":[{"embeddable":true,"href":"https:\/\/www.caririemacao.com\/1\/wp-json\/wp\/v2\/users\/2"}],"replies":[{"embeddable":true,"href":"https:\/\/www.caririemacao.com\/1\/wp-json\/wp\/v2\/comments?post=169582"}],"version-history":[{"count":1,"href":"https:\/\/www.caririemacao.com\/1\/wp-json\/wp\/v2\/posts\/169582\/revisions"}],"predecessor-version":[{"id":169584,"href":"https:\/\/www.caririemacao.com\/1\/wp-json\/wp\/v2\/posts\/169582\/revisions\/169584"}],"wp:featuredmedia":[{"embeddable":true,"href":"https:\/\/www.caririemacao.com\/1\/wp-json\/wp\/v2\/media\/169583"}],"wp:attachment":[{"href":"https:\/\/www.caririemacao.com\/1\/wp-json\/wp\/v2\/media?parent=169582"}],"wp:term":[{"taxonomy":"category","embeddable":true,"href":"https:\/\/www.caririemacao.com\/1\/wp-json\/wp\/v2\/categories?post=169582"},{"taxonomy":"post_tag","embeddable":true,"href":"https:\/\/www.caririemacao.com\/1\/wp-json\/wp\/v2\/tags?post=169582"}],"curies":[{"name":"wp","href":"https:\/\/api.w.org\/{rel}","templated":true}]}}