{"id":169590,"date":"2020-05-15T08:00:33","date_gmt":"2020-05-15T11:00:33","guid":{"rendered":"https:\/\/www.caririemacao.com\/1\/?p=169590"},"modified":"2020-05-15T08:00:33","modified_gmt":"2020-05-15T11:00:33","slug":"stf-nega-reabertura-do-prazo-de-filiacao-partidaria-para-eleicoes-2020","status":"publish","type":"post","link":"https:\/\/www.caririemacao.com\/1\/2020\/05\/15\/stf-nega-reabertura-do-prazo-de-filiacao-partidaria-para-eleicoes-2020\/","title":{"rendered":"STF nega reabertura do prazo de filia\u00e7\u00e3o partid\u00e1ria para Elei\u00e7\u00f5es 2020"},"content":{"rendered":"\n<h1 class=\"wp-block-heading\"><\/h1>\n\n\n\n<p>O Supremo Tribunal Federal (STF) decidiu hoje (14) manter o prazo de filia\u00e7\u00e3o partid\u00e1ria para pol\u00edticos que pretendem se candidatar aos cargos de prefeito, vice-prefeito ou vereador nas elei\u00e7\u00f5es de outubro. Os ministros rejeitaram pedido do PP para adiar uma das fases do calend\u00e1rio eleitoral devido \u00e0 pandemia do novo coronav\u00edrus.<\/p>\n\n\n\n<p>A Corte manteve decis\u00e3o individual da ministra Rosa Weber, que tamb\u00e9m \u00e9 presidente do Tribunal Superior Eleitoral (TSE), rejeitando a suspens\u00e3o do prazo de filia\u00e7\u00e3o. O prazo terminou no dia 4 de abril, seis meses antes do primeiro turno.<\/p>\n\n\n\n<p>O partido alegou que o cen\u00e1rio de calamidade ocasionado pela pandemia poderia inviabilizar o cumprimento dos prazos de filia\u00e7\u00e3o partid\u00e1ria, domic\u00edlio eleitoral e desincompatibiliza\u00e7\u00e3o, previstos na Lei Eleitoral.<\/p>\n\n\n\n<p>Para os ministros, por mais grave que seja a pandemia, ela n\u00e3o afeta a normalidade democr\u00e1tica. Dessa forma, n\u00e3o h\u00e1 necessidade de adiamento das datas do calend\u00e1rio eleitoral.<\/p>\n\n\n\n<p>Em mensagem publicada no Twitter, na ter\u00e7a-feira (12), o futuro presidente do TSE, ministro Lu\u00eds Roberto Barroso, que assumir\u00e1 o cargo no pr\u00f3ximo dia 25, n\u00e3o descartou o adiamento do pleito e disse que a decis\u00e3o deve ser tomada pelo Congresso.<\/p>\n\n\n\n<p>\u201cEmbora exista possibilidade real de adiamento das elei\u00e7\u00f5es, nada foi decidido ainda. Tenho afirmado que, em junho, com base em dados m\u00e9dicos e sanit\u00e1rios, teremos um quadro definido. Se necess\u00e1rio adiar, o TSE far\u00e1 interlocu\u00e7\u00e3o com o Congresso, a quem cabe deliberar sobre o tema\u201d, disse o ministro.<\/p>\n","protected":false},"excerpt":{"rendered":"<p>O Supremo Tribunal Federal (STF) decidiu hoje (14) manter o prazo de filia\u00e7\u00e3o partid\u00e1ria para pol\u00edticos que pretendem se candidatar aos cargos de prefeito, vice-prefeito&hellip; <\/p>\n","protected":false},"author":2,"featured_media":169591,"comment_status":"closed","ping_status":"closed","sticky":false,"template":"","format":"standard","meta":{"sfsi_plus_gutenberg_text_before_share":"","sfsi_plus_gutenberg_show_text_before_share":"","sfsi_plus_gutenberg_icon_type":"","sfsi_plus_gutenberg_icon_alignemt":"","sfsi_plus_gutenburg_max_per_row":"","footnotes":""},"categories":[2],"tags":[],"class_list":["post-169590","post","type-post","status-publish","format-standard","has-post-thumbnail","hentry","category-geral"],"_links":{"self":[{"href":"https:\/\/www.caririemacao.com\/1\/wp-json\/wp\/v2\/posts\/169590","targetHints":{"allow":["GET"]}}],"collection":[{"href":"https:\/\/www.caririemacao.com\/1\/wp-json\/wp\/v2\/posts"}],"about":[{"href":"https:\/\/www.caririemacao.com\/1\/wp-json\/wp\/v2\/types\/post"}],"author":[{"embeddable":true,"href":"https:\/\/www.caririemacao.com\/1\/wp-json\/wp\/v2\/users\/2"}],"replies":[{"embeddable":true,"href":"https:\/\/www.caririemacao.com\/1\/wp-json\/wp\/v2\/comments?post=169590"}],"version-history":[{"count":1,"href":"https:\/\/www.caririemacao.com\/1\/wp-json\/wp\/v2\/posts\/169590\/revisions"}],"predecessor-version":[{"id":169592,"href":"https:\/\/www.caririemacao.com\/1\/wp-json\/wp\/v2\/posts\/169590\/revisions\/169592"}],"wp:featuredmedia":[{"embeddable":true,"href":"https:\/\/www.caririemacao.com\/1\/wp-json\/wp\/v2\/media\/169591"}],"wp:attachment":[{"href":"https:\/\/www.caririemacao.com\/1\/wp-json\/wp\/v2\/media?parent=169590"}],"wp:term":[{"taxonomy":"category","embeddable":true,"href":"https:\/\/www.caririemacao.com\/1\/wp-json\/wp\/v2\/categories?post=169590"},{"taxonomy":"post_tag","embeddable":true,"href":"https:\/\/www.caririemacao.com\/1\/wp-json\/wp\/v2\/tags?post=169590"}],"curies":[{"name":"wp","href":"https:\/\/api.w.org\/{rel}","templated":true}]}}