{"id":169594,"date":"2020-05-15T08:04:13","date_gmt":"2020-05-15T11:04:13","guid":{"rendered":"https:\/\/www.caririemacao.com\/1\/?p=169594"},"modified":"2020-05-15T08:04:13","modified_gmt":"2020-05-15T11:04:13","slug":"contra-a-covid-19-prefeitura-de-caraubas-compra-lavatorios-moveis-para-utilizacao-em-locais-publicos","status":"publish","type":"post","link":"https:\/\/www.caririemacao.com\/1\/2020\/05\/15\/contra-a-covid-19-prefeitura-de-caraubas-compra-lavatorios-moveis-para-utilizacao-em-locais-publicos\/","title":{"rendered":"Contra a Covid-19: Prefeitura de Cara\u00fabas compra lavat\u00f3rios m\u00f3veis para utiliza\u00e7\u00e3o em locais p\u00fablicos"},"content":{"rendered":"\n<h1 class=\"wp-block-heading\"><\/h1>\n\n\n\n<p>Dando sequencia as principais a\u00e7\u00f5es de preven\u00e7\u00e3o ao Coronav\u00edrus no munic\u00edpio, a Prefeitura Municipal de Cara\u00fabas atrav\u00e9s da Secretaria da Sa\u00fade comprou 06 (seis) lavat\u00f3rios moveis que ser\u00e3o instalados em pontos estrat\u00e9gicos da cidade e de grande circula\u00e7\u00e3o de pessoas.<\/p>\n\n\n\n<div class=\"wp-block-image\"><figure class=\"alignright\"><img decoding=\"async\" data-src=\"http:\/\/deolhonocariri.com.br\/wp-content\/uploads\/2020\/05\/97970110_2788056971303408_384343901625909248_n.jpg\" alt=\"\" class=\"wp-image-82410 lazyload\" src=\"data:image\/svg+xml;base64,PHN2ZyB3aWR0aD0iMSIgaGVpZ2h0PSIxIiB4bWxucz0iaHR0cDovL3d3dy53My5vcmcvMjAwMC9zdmciPjwvc3ZnPg==\" \/><\/figure><\/div>\n\n\n\n<p>De acordo com o secret\u00e1rio da sa\u00fade, Leonardo Eneas Almeida, j\u00e1 nesta quinta-feira, dia 14\/05, os lavat\u00f3rios&nbsp;ser\u00e3o instalados nos seguintes pontos: na Rua Dr. Mauro Farias pr\u00f3ximos a ag\u00eancia dos Correios, Casa Lot\u00e9rica e correspondentes banc\u00e1rios. No espa\u00e7o destinado a feira livre e nas unidades da sa\u00fade. No Distrito de Barreiras tamb\u00e9m ser\u00e1 instalados 02(dois) pontos com lavat\u00f3rios.<\/p>\n\n\n\n<p>Foram investidos recursos na ordem de aproximadamente R$ 7.100,00(Sete Mil e Cem Reais). Os lavat\u00f3rios ter\u00e3o uma grande utilidade na higieniza\u00e7\u00e3o das m\u00e3os de pessoas que se utilizar\u00e3o desses espa\u00e7os. A nossa orienta\u00e7\u00e3o \u00e9 que as pessoas lavem as m\u00e3os antes de entrarem nos estabelecimentos e na feira livre, bem como, quando estiverem saindo, disse Leonardo secret\u00e1rio da sa\u00fade.<\/p>\n\n\n\n<p>O prefeito Silvano Dudu refor\u00e7a o apelo a comunidade que os investimentos que estamos realizando \u00e9 para que voc\u00ea cidad\u00e3o caraubense tenha mais comodidade e op\u00e7\u00f5es de se proteger contra esse mal que vem assolando o mundo inteiro. Adquirimos esses lavat\u00f3rios para que as pessoas tenham mais uma op\u00e7\u00e3o de combater o v\u00edrus, afirmou o prefeito.<\/p>\n\n\n\n<div class=\"wp-block-image\"><figure class=\"aligncenter\"><img decoding=\"async\" data-src=\"http:\/\/deolhonocariri.com.br\/wp-content\/uploads\/2020\/05\/97030421_2788056881303417_2610586688509968384_n.jpg\" alt=\"\" class=\"wp-image-82408 lazyload\" src=\"data:image\/svg+xml;base64,PHN2ZyB3aWR0aD0iMSIgaGVpZ2h0PSIxIiB4bWxucz0iaHR0cDovL3d3dy53My5vcmcvMjAwMC9zdmciPjwvc3ZnPg==\" \/><\/figure><\/div>\n\n\n\n<p>Em cada lavat\u00f3rio a popula\u00e7\u00e3o encontrar\u00e1 dispon\u00edvel para uso, \u00e1gua, sab\u00e3o e papel toalha. Pedimos a popula\u00e7\u00e3o que use de forma racional e com responsabilidade colocando no local certo aquilo que ser\u00e1 descartado como o papel toalha. Este \u00e9 um esfor\u00e7o que estamos realizando para ajudar a popula\u00e7\u00e3o no combate ao COVID-19, concluiu o secret\u00e1rio.<\/p>\n\n\n\n<p><em>Seplacom<\/em><\/p>\n","protected":false},"excerpt":{"rendered":"<p>Dando sequencia as principais a\u00e7\u00f5es de preven\u00e7\u00e3o ao Coronav\u00edrus no munic\u00edpio, a Prefeitura Municipal de Cara\u00fabas atrav\u00e9s da Secretaria da Sa\u00fade comprou 06 (seis) lavat\u00f3rios&hellip; <\/p>\n","protected":false},"author":2,"featured_media":169595,"comment_status":"closed","ping_status":"closed","sticky":false,"template":"","format":"standard","meta":{"sfsi_plus_gutenberg_text_before_share":"","sfsi_plus_gutenberg_show_text_before_share":"","sfsi_plus_gutenberg_icon_type":"","sfsi_plus_gutenberg_icon_alignemt":"","sfsi_plus_gutenburg_max_per_row":"","footnotes":""},"categories":[50,16],"tags":[],"class_list":["post-169594","post","type-post","status-publish","format-standard","has-post-thumbnail","hentry","category-destaque","category-saude"],"_links":{"self":[{"href":"https:\/\/www.caririemacao.com\/1\/wp-json\/wp\/v2\/posts\/169594","targetHints":{"allow":["GET"]}}],"collection":[{"href":"https:\/\/www.caririemacao.com\/1\/wp-json\/wp\/v2\/posts"}],"about":[{"href":"https:\/\/www.caririemacao.com\/1\/wp-json\/wp\/v2\/types\/post"}],"author":[{"embeddable":true,"href":"https:\/\/www.caririemacao.com\/1\/wp-json\/wp\/v2\/users\/2"}],"replies":[{"embeddable":true,"href":"https:\/\/www.caririemacao.com\/1\/wp-json\/wp\/v2\/comments?post=169594"}],"version-history":[{"count":1,"href":"https:\/\/www.caririemacao.com\/1\/wp-json\/wp\/v2\/posts\/169594\/revisions"}],"predecessor-version":[{"id":169596,"href":"https:\/\/www.caririemacao.com\/1\/wp-json\/wp\/v2\/posts\/169594\/revisions\/169596"}],"wp:featuredmedia":[{"embeddable":true,"href":"https:\/\/www.caririemacao.com\/1\/wp-json\/wp\/v2\/media\/169595"}],"wp:attachment":[{"href":"https:\/\/www.caririemacao.com\/1\/wp-json\/wp\/v2\/media?parent=169594"}],"wp:term":[{"taxonomy":"category","embeddable":true,"href":"https:\/\/www.caririemacao.com\/1\/wp-json\/wp\/v2\/categories?post=169594"},{"taxonomy":"post_tag","embeddable":true,"href":"https:\/\/www.caririemacao.com\/1\/wp-json\/wp\/v2\/tags?post=169594"}],"curies":[{"name":"wp","href":"https:\/\/api.w.org\/{rel}","templated":true}]}}