{"id":169598,"date":"2020-05-15T08:09:16","date_gmt":"2020-05-15T11:09:16","guid":{"rendered":"https:\/\/www.caririemacao.com\/1\/?p=169598"},"modified":"2020-05-15T08:09:16","modified_gmt":"2020-05-15T11:09:16","slug":"paraiba-ira-endurecer-isolamento-social-restringir-mobilidade-de-veiculos-e-pessoas-e-multar-quem-estiver-sem-mascara","status":"publish","type":"post","link":"https:\/\/www.caririemacao.com\/1\/2020\/05\/15\/paraiba-ira-endurecer-isolamento-social-restringir-mobilidade-de-veiculos-e-pessoas-e-multar-quem-estiver-sem-mascara\/","title":{"rendered":"Para\u00edba ir\u00e1 endurecer isolamento social, restringir mobilidade de ve\u00edculos e pessoas e multar quem estiver sem m\u00e1scara"},"content":{"rendered":"\n<h1 class=\"wp-block-heading\"><\/h1>\n\n\n\n<p>Com o avan\u00e7o do coronav\u00edrus na Para\u00edba, as regras de isolamento social dever\u00e3o ser endurecidas a partir da pr\u00f3xima semana. Nesta quinta-feira (14) o governador Jo\u00e3o Azev\u00eado se reuniu com os prefeitos da Regi\u00e3o Metropolitana de Jo\u00e3o Pessoa e iniciaram conversas&nbsp;para editar o novo decreto, que passar\u00e1 a vigorar j\u00e1 na pr\u00f3xima ter\u00e7a-feira (19).<\/p>\n\n\n\n<p>Ser\u00e3o tomadas medidas com objetivo de restringir ainda mais a mobilidade de pessoas e de ve\u00edculos principalmente na Regi\u00e3o Metropolitana de Jo\u00e3o Pessoa. Al\u00e9m disso, as pessoas que sa\u00edrem de suas casas sem m\u00e1scaras dever\u00e3o come\u00e7ar a ser multadas, segundo antecipou o governador. Ser\u00e1 iniciada tamb\u00e9m a distribui\u00e7\u00e3o de m\u00e1scaras para pessoas em vulnerabilidade social, de acordo com o governador Jo\u00e3o Azev\u00eado.<\/p>\n\n\n\n<p>Est\u00e1 sendo estudada tamb\u00e9m a possibilidade de implanta\u00e7\u00e3o de rod\u00edzio de ve\u00edculos. Os detalhes da restri\u00e7\u00e3o da circula\u00e7\u00e3o dos ve\u00edculos ainda est\u00e3o sendo debatidos e ser\u00e3o detalhados no decreto.<\/p>\n\n\n\n<p>Para o governador, \u00e9 importante tamb\u00e9m fortalecer as campanhas educativas com \u00eanfase no isolamento social. Ele afirmou que ser\u00e3o refor\u00e7adas as \u201ccampanhas de conscientiza\u00e7\u00e3o e, fazer com que as pessoas entendam que o \u00fanico rem\u00e9dio \u00e9 o isolamento social\u201d.<\/p>\n\n\n\n<p>Jo\u00e3o Azev\u00eado ainda revelou que as estimativas apontam que no pr\u00f3ximo dia 22 de maio os n\u00fameros de pessoas infectadas dever\u00e1 subir para cerca de 7,5 mil na Para\u00edba. J\u00e1 neste fim de semana ser\u00e1 feita uma a\u00e7\u00e3o em conjunto entre o Governo do Estado e a Prefeitura de Jo\u00e3o Pessoa para coibir movimenta\u00e7\u00f5es em feiras livres da capital.<\/p>\n","protected":false},"excerpt":{"rendered":"<p>Com o avan\u00e7o do coronav\u00edrus na Para\u00edba, as regras de isolamento social dever\u00e3o ser endurecidas a partir da pr\u00f3xima semana. Nesta quinta-feira (14) o governador&hellip; <\/p>\n","protected":false},"author":2,"featured_media":169599,"comment_status":"closed","ping_status":"closed","sticky":false,"template":"","format":"standard","meta":{"sfsi_plus_gutenberg_text_before_share":"","sfsi_plus_gutenberg_show_text_before_share":"","sfsi_plus_gutenberg_icon_type":"","sfsi_plus_gutenberg_icon_alignemt":"","sfsi_plus_gutenburg_max_per_row":"","footnotes":""},"categories":[2],"tags":[],"class_list":["post-169598","post","type-post","status-publish","format-standard","has-post-thumbnail","hentry","category-geral"],"_links":{"self":[{"href":"https:\/\/www.caririemacao.com\/1\/wp-json\/wp\/v2\/posts\/169598","targetHints":{"allow":["GET"]}}],"collection":[{"href":"https:\/\/www.caririemacao.com\/1\/wp-json\/wp\/v2\/posts"}],"about":[{"href":"https:\/\/www.caririemacao.com\/1\/wp-json\/wp\/v2\/types\/post"}],"author":[{"embeddable":true,"href":"https:\/\/www.caririemacao.com\/1\/wp-json\/wp\/v2\/users\/2"}],"replies":[{"embeddable":true,"href":"https:\/\/www.caririemacao.com\/1\/wp-json\/wp\/v2\/comments?post=169598"}],"version-history":[{"count":1,"href":"https:\/\/www.caririemacao.com\/1\/wp-json\/wp\/v2\/posts\/169598\/revisions"}],"predecessor-version":[{"id":169600,"href":"https:\/\/www.caririemacao.com\/1\/wp-json\/wp\/v2\/posts\/169598\/revisions\/169600"}],"wp:featuredmedia":[{"embeddable":true,"href":"https:\/\/www.caririemacao.com\/1\/wp-json\/wp\/v2\/media\/169599"}],"wp:attachment":[{"href":"https:\/\/www.caririemacao.com\/1\/wp-json\/wp\/v2\/media?parent=169598"}],"wp:term":[{"taxonomy":"category","embeddable":true,"href":"https:\/\/www.caririemacao.com\/1\/wp-json\/wp\/v2\/categories?post=169598"},{"taxonomy":"post_tag","embeddable":true,"href":"https:\/\/www.caririemacao.com\/1\/wp-json\/wp\/v2\/tags?post=169598"}],"curies":[{"name":"wp","href":"https:\/\/api.w.org\/{rel}","templated":true}]}}