{"id":169602,"date":"2020-05-15T08:17:04","date_gmt":"2020-05-15T11:17:04","guid":{"rendered":"https:\/\/www.caririemacao.com\/1\/?p=169602"},"modified":"2020-05-15T08:17:04","modified_gmt":"2020-05-15T11:17:04","slug":"prevencao-prefeitura-de-caraubas-monta-barreiras-sanitarias-nas-principais-vias-de-acesso-ao-municipio","status":"publish","type":"post","link":"https:\/\/www.caririemacao.com\/1\/2020\/05\/15\/prevencao-prefeitura-de-caraubas-monta-barreiras-sanitarias-nas-principais-vias-de-acesso-ao-municipio\/","title":{"rendered":"Preven\u00e7\u00e3o: Prefeitura de Cara\u00fabas monta barreiras sanit\u00e1rias nas principais vias de acesso ao munic\u00edpio"},"content":{"rendered":"\n<h1 class=\"wp-block-heading\"><\/h1>\n\n\n\n<p> Mesmo continuando sem nenhum caso suspeito ou confirmado do COVID \u2013 19, o munic\u00edpio de Cara\u00fabas vem desenvolvendo e intensificando a\u00e7\u00f5es de controle e combate ao coronavirus. Desde o inicio desta semana que equipes contratadas e capacitadas vem desenvolvendo atividades de combate ao v\u00edrus.<\/p>\n\n\n\n<p>Foram montadas barreiras sanit\u00e1rias nas 03(TR\u00caS) principais vias de acesso a&nbsp;cidade de Cara\u00fabas, sendo uma na PB \u2013 186, sa\u00edda para S\u00e3o Domingos do Cariri e outras 02(duas) na PB 196 sa\u00eddas para o Congo e Barra de S\u00e3o Miguel. Ainda foram instaladas 02(duas) barreiras sanit\u00e1rias no Distrito de Barreiras que faz limites com o vizinho estado do Pernambuco.<\/p>\n\n\n\n<div class=\"wp-block-image\"><figure class=\"aligncenter\"><img decoding=\"async\" data-src=\"http:\/\/www.blogdobrunolira.com.br\/wp-content\/uploads\/2020\/05\/97275592_2788070077968764_3563951376750870528_n.jpg\" alt=\"\" class=\"wp-image-22273 lazyload\" src=\"data:image\/svg+xml;base64,PHN2ZyB3aWR0aD0iMSIgaGVpZ2h0PSIxIiB4bWxucz0iaHR0cDovL3d3dy53My5vcmcvMjAwMC9zdmciPjwvc3ZnPg==\" \/><\/figure><\/div>\n\n\n\n<p>Em cada barreira sanit\u00e1ria os t\u00e9cnicos disp\u00f5e de \u00e1lcool, mascaras, folders informativos e um question\u00e1rio simples de pesquisa direcionada aos condutores dos ve\u00edculos. Na abordagem realizada se destaca a import\u00e2ncia da origem e do destino do transeunte, uma vez que se pode ter uma id\u00e9ia se a pessoa ou seus ocupantes est\u00e3o vindo de uma \u00e1rea de risco de contamina\u00e7\u00e3o.<\/p>\n\n\n\n<p>Ser\u00e3o usados equipamentos para desinfec\u00e7\u00e3o das ma\u00e7anetas das portas dos ve\u00edculos, bem como, pneus e todas veiculares. As pessoas que n\u00e3o dispuserem de m\u00e1scaras ser\u00e3o entregues uma a cada ocupante do ve\u00edculo e ser\u00e1 oferecido o uso do \u00e1lcool em gel para higieniza\u00e7\u00e3o das m\u00e3os, afirmou o secret\u00e1rio da sa\u00fade Leonardo Eneas.<\/p>\n\n\n\n<p>As a\u00e7\u00f5es n\u00e3o param por ai. Estamos adquirindo os medidores de temperatura para que possamos auferir a temperatura dos ocupantes deste ve\u00edculos. Em caso de se constatar que a temperatura de algum dos ocupantes esta alta, o mesmo ser\u00e1 orientado a se encaminhar para a unidade da sa\u00fade para averigua\u00e7\u00e3o do seu estado de sa\u00fade, disse ele.<br>Manter o compromisso coma sa\u00fade da nossa popula\u00e7\u00e3o tem sido nossa maior preocupa\u00e7\u00e3o. Por isso, a cada semana estaremos intensificando a\u00e7\u00f5es de preven\u00e7\u00e3o e combate ao coronavirus, conclui ele.<\/p>\n","protected":false},"excerpt":{"rendered":"<p>Mesmo continuando sem nenhum caso suspeito ou confirmado do COVID \u2013 19, o munic\u00edpio de Cara\u00fabas vem desenvolvendo e intensificando a\u00e7\u00f5es de controle e combate&hellip; <\/p>\n","protected":false},"author":2,"featured_media":169603,"comment_status":"closed","ping_status":"closed","sticky":false,"template":"","format":"standard","meta":{"sfsi_plus_gutenberg_text_before_share":"","sfsi_plus_gutenberg_show_text_before_share":"","sfsi_plus_gutenberg_icon_type":"","sfsi_plus_gutenberg_icon_alignemt":"","sfsi_plus_gutenburg_max_per_row":"","footnotes":""},"categories":[2],"tags":[],"class_list":["post-169602","post","type-post","status-publish","format-standard","has-post-thumbnail","hentry","category-geral"],"_links":{"self":[{"href":"https:\/\/www.caririemacao.com\/1\/wp-json\/wp\/v2\/posts\/169602","targetHints":{"allow":["GET"]}}],"collection":[{"href":"https:\/\/www.caririemacao.com\/1\/wp-json\/wp\/v2\/posts"}],"about":[{"href":"https:\/\/www.caririemacao.com\/1\/wp-json\/wp\/v2\/types\/post"}],"author":[{"embeddable":true,"href":"https:\/\/www.caririemacao.com\/1\/wp-json\/wp\/v2\/users\/2"}],"replies":[{"embeddable":true,"href":"https:\/\/www.caririemacao.com\/1\/wp-json\/wp\/v2\/comments?post=169602"}],"version-history":[{"count":1,"href":"https:\/\/www.caririemacao.com\/1\/wp-json\/wp\/v2\/posts\/169602\/revisions"}],"predecessor-version":[{"id":169604,"href":"https:\/\/www.caririemacao.com\/1\/wp-json\/wp\/v2\/posts\/169602\/revisions\/169604"}],"wp:featuredmedia":[{"embeddable":true,"href":"https:\/\/www.caririemacao.com\/1\/wp-json\/wp\/v2\/media\/169603"}],"wp:attachment":[{"href":"https:\/\/www.caririemacao.com\/1\/wp-json\/wp\/v2\/media?parent=169602"}],"wp:term":[{"taxonomy":"category","embeddable":true,"href":"https:\/\/www.caririemacao.com\/1\/wp-json\/wp\/v2\/categories?post=169602"},{"taxonomy":"post_tag","embeddable":true,"href":"https:\/\/www.caririemacao.com\/1\/wp-json\/wp\/v2\/tags?post=169602"}],"curies":[{"name":"wp","href":"https:\/\/api.w.org\/{rel}","templated":true}]}}