{"id":169606,"date":"2020-05-15T08:20:39","date_gmt":"2020-05-15T11:20:39","guid":{"rendered":"https:\/\/www.caririemacao.com\/1\/?p=169606"},"modified":"2020-05-15T08:20:39","modified_gmt":"2020-05-15T11:20:39","slug":"plenario-do-stf-nega-flexibilizar-prazos-eleitorais-e-mantem-regras-existentes","status":"publish","type":"post","link":"https:\/\/www.caririemacao.com\/1\/2020\/05\/15\/plenario-do-stf-nega-flexibilizar-prazos-eleitorais-e-mantem-regras-existentes\/","title":{"rendered":"Plen\u00e1rio do STF nega flexibilizar prazos eleitorais e mant\u00e9m regras existentes"},"content":{"rendered":"\n<h1 class=\"wp-block-heading\"><\/h1>\n\n\n\n<p>A epidemia causada pelo novo coronav\u00edrus, por si s\u00f3, n\u00e3o \u00e9 motivo para alterar as regras eleitorais que tratam dos cumprimentos de&nbsp;prazos. Pelo contr\u00e1rio, devem ser preservados os procedimentos j\u00e1 estabelecidos pela Constitui\u00e7\u00e3o.<\/p>\n\n\n\n<p>Com esse entendimento, o Plen\u00e1rio do Supremo Tribunal Federal referendou&nbsp;liminar que mant\u00e9m as normas vigentes. O julgamento aconteceu por videoconfer\u00eancia nesta quinta-feira (14\/5).<\/p>\n\n\n\n<p>A a\u00e7\u00e3o foi ajuizada pelo partido Progressistas para&nbsp;<a href=\"https:\/\/www.conjur.com.br\/2020-mar-31\/partido-stf-suspensao-prazo-filiacao-partidaria\" target=\"_blank\" rel=\"noreferrer noopener\">flexibilizar os prazos<\/a>&nbsp;da elei\u00e7\u00e3o municipal, prevista&nbsp;para outubro deste ano. O ponto principal da a\u00e7\u00e3o pedia a suspens\u00e3o, por 30 dias, dos prazos para filia\u00e7\u00e3o partid\u00e1ria, em decorr\u00eancia da epidemia de Covid-19. Al\u00e9m disso, a legenda argumentou que tamb\u00e9m seria&nbsp;afetado o cumprimento dos prazos para domic\u00edlio eleitoral e desincompatibiliza\u00e7\u00e3o.<\/p>\n\n\n\n<p>O prazo para filia\u00e7\u00e3o se encerrou no dia 4 de abril. Em&nbsp;<a href=\"https:\/\/www.conjur.com.br\/2020-abr-03\/rosa-mantem-prazo-filiacao-partidaria-desincompatibilizacao\" target=\"_blank\" rel=\"noreferrer noopener\">liminar<\/a>&nbsp;de um dia antes, a ministra j\u00e1 havia negado o pedido, sob argumento de que n\u00e3o foi demonstrado como a epidemia violaria os princ\u00edpios constitucionais.<\/p>\n\n\n\n<p>Nesta quinta, a maioria do colegiado seguiu o voto da relatora e referendou a liminar. Rosa Weber afirmou que, embora a ideia de ampliar os prazos eleitorais com a anteced\u00eancia seja \u201ctentadora\u201d, \u201ca hist\u00f3ria constitucional recomenda, especialmente em situa\u00e7\u00e3o de crise, que se busque no m\u00e1ximo a preserva\u00e7\u00e3o dos procedimentos estabelecidos\u201d.<\/p>\n\n\n\n<p>A ministra disse haver risco de fragiliza\u00e7\u00e3o do estado democr\u00e1tico de direito caso haja suspens\u00e3o dos prazos. Para ela, n\u00e3o \u00e9 poss\u00edvel pedir a declara\u00e7\u00e3o de inconstitucionalidade circunstancial de uma regra constitucional que busca justamente \u201cevitar mudan\u00e7as abruptas na disputa eleitoral\u201d.<\/p>\n\n\n\n<p>A ministra tamb\u00e9m afirmou que \u201cn\u00e3o se pode perder de vista ainda o dado revelado pela hist\u00f3ria do Brasil, de que a desorganiza\u00e7\u00e3o anda de m\u00e3os dadas com a fraude\u201d. Neste sentido, Rosa Weber, que tamb\u00e9m preside o TSE, frisou que a Justi\u00e7a Eleitoral tem condi\u00e7\u00f5es materiais de cumprir o calend\u00e1rio das elei\u00e7\u00f5es e est\u00e1 trabalhando com aux\u00edlio das tecnologias para garantir o processo democr\u00e1tico.<\/p>\n\n\n\n<p><strong>Sem previs\u00e3o<\/strong><br>Os ministros parabenizaram os argumentos do voto da relatora e o acompanharam. A altera\u00e7\u00e3o das regras eleitorais seria injustific\u00e1vel, de acordo com o ministro Alexandre de Moraes. Para ele, \u201ca pandemia, por mais grave que seja, n\u00e3o afeta a normalidade democr\u00e1tica e institucional, que deriva da soberania popular e da Constitui\u00e7\u00e3o\u201d.<\/p>\n\n\n\n<p>O ministro Luiz Edson Fachin chamou aten\u00e7\u00e3o para o fato de que a conting\u00eancia da pandemia deve servir para adaptar procedimentos e criar novas ferramentas, mas n\u00e3o para suspens\u00e3o de normas. \u201cIsso equivaleria a criar um regime jur\u00eddico derrogat\u00f3rio n\u00e3o previsto pelos sistemas de emerg\u00eancia da Constitui\u00e7\u00e3o. Estar-se-ia a sugerir, neste caso, uma inconstitucionalidade circunstancial da pr\u00f3pria Constitui\u00e7\u00e3o\u201d, afirmou.<\/p>\n\n\n\n<p>Da mesma forma, o ministro Lu\u00eds Roberto Barroso defendeu que as elei\u00e7\u00f5es fazem parte de um \u201crito vital para a democracia\u201d. Pr\u00f3ximo a presidir o TSE, o ministro afirmou que somente ser\u00e1 tratado o adiamento das elei\u00e7\u00f5es em caso de&nbsp;impossibilidade material grave.<\/p>\n\n\n\n<p>J\u00e1 o ministro Marco Aur\u00e9lio foi al\u00e9m e votou pela extin\u00e7\u00e3o da a\u00e7\u00e3o que, para ele, \u00e9&nbsp;inadequada. O ministro apontou que \u00e9 compet\u00eancia do Congresso Nacional tratar do calend\u00e1rio das elei\u00e7\u00f5es e defendeu, novamente, conten\u00e7\u00e3o do Judici\u00e1rio.<\/p>\n","protected":false},"excerpt":{"rendered":"<p>A epidemia causada pelo novo coronav\u00edrus, por si s\u00f3, n\u00e3o \u00e9 motivo para alterar as regras eleitorais que tratam dos cumprimentos de&nbsp;prazos. Pelo contr\u00e1rio, devem&hellip; <\/p>\n","protected":false},"author":2,"featured_media":169607,"comment_status":"closed","ping_status":"closed","sticky":false,"template":"","format":"standard","meta":{"sfsi_plus_gutenberg_text_before_share":"","sfsi_plus_gutenberg_show_text_before_share":"","sfsi_plus_gutenberg_icon_type":"","sfsi_plus_gutenberg_icon_alignemt":"","sfsi_plus_gutenburg_max_per_row":"","footnotes":""},"categories":[2],"tags":[],"class_list":["post-169606","post","type-post","status-publish","format-standard","has-post-thumbnail","hentry","category-geral"],"_links":{"self":[{"href":"https:\/\/www.caririemacao.com\/1\/wp-json\/wp\/v2\/posts\/169606","targetHints":{"allow":["GET"]}}],"collection":[{"href":"https:\/\/www.caririemacao.com\/1\/wp-json\/wp\/v2\/posts"}],"about":[{"href":"https:\/\/www.caririemacao.com\/1\/wp-json\/wp\/v2\/types\/post"}],"author":[{"embeddable":true,"href":"https:\/\/www.caririemacao.com\/1\/wp-json\/wp\/v2\/users\/2"}],"replies":[{"embeddable":true,"href":"https:\/\/www.caririemacao.com\/1\/wp-json\/wp\/v2\/comments?post=169606"}],"version-history":[{"count":1,"href":"https:\/\/www.caririemacao.com\/1\/wp-json\/wp\/v2\/posts\/169606\/revisions"}],"predecessor-version":[{"id":169608,"href":"https:\/\/www.caririemacao.com\/1\/wp-json\/wp\/v2\/posts\/169606\/revisions\/169608"}],"wp:featuredmedia":[{"embeddable":true,"href":"https:\/\/www.caririemacao.com\/1\/wp-json\/wp\/v2\/media\/169607"}],"wp:attachment":[{"href":"https:\/\/www.caririemacao.com\/1\/wp-json\/wp\/v2\/media?parent=169606"}],"wp:term":[{"taxonomy":"category","embeddable":true,"href":"https:\/\/www.caririemacao.com\/1\/wp-json\/wp\/v2\/categories?post=169606"},{"taxonomy":"post_tag","embeddable":true,"href":"https:\/\/www.caririemacao.com\/1\/wp-json\/wp\/v2\/tags?post=169606"}],"curies":[{"name":"wp","href":"https:\/\/api.w.org\/{rel}","templated":true}]}}