{"id":169610,"date":"2020-05-15T08:24:33","date_gmt":"2020-05-15T11:24:33","guid":{"rendered":"https:\/\/www.caririemacao.com\/1\/?p=169610"},"modified":"2020-05-15T08:24:33","modified_gmt":"2020-05-15T11:24:33","slug":"no-brasil-31-790-profissionais-de-saude-contrairam-covid-19","status":"publish","type":"post","link":"https:\/\/www.caririemacao.com\/1\/2020\/05\/15\/no-brasil-31-790-profissionais-de-saude-contrairam-covid-19\/","title":{"rendered":"No Brasil, 31.790 profissionais de sa\u00fade contra\u00edram covid-19"},"content":{"rendered":"\n<h2 class=\"wp-block-heading\"><\/h2>\n\n\n\n<p>O secret\u00e1rio-substituto de Vigil\u00e2ncia em Sa\u00fade do Minist\u00e9rio da Sa\u00fade, Eduardo Mac\u00e1rio, participou hoje (14) de entrevista&nbsp;no Pal\u00e1cio do Planalto sobre&nbsp;covid-19 no Brasil. Ele apresentou dados captados pelo SUS Notifica, sistema criado no in\u00edcio da pandemia para reunir os dados sobre o novo coronav\u00edrus no pa\u00eds.&nbsp;<br><br>Segundo o secret\u00e1rio, at\u00e9 o momento foram identificados 199.768 profissionais de sa\u00fade com suspeita de covid-19. Destes, 31.790 foram confirmados e 114.301 est\u00e3o em investiga\u00e7\u00e3o. Outros 53.677 descartados. Do total dos casos suspeitos, as modalidades mais atingidas s\u00e3o t\u00e9cnicos ou auxiliares de enfermagem (34,2%), enfermeiro (16,9%), m\u00e9dico (13,3%), recepcionista (4,3%).<\/p>\n\n\n\n<h2 class=\"wp-block-heading\">Tend\u00eancia de alta<\/h2>\n\n\n\n<p>Eduardo Mac\u00e1rio&nbsp;ressaltou que o Brasil passou a Fran\u00e7a em n\u00famero de casos. De acordo com o gr\u00e1fico, o Brasil apresenta uma tend\u00eancia de alta, assim como os Estados Unidos, enquanto outros pa\u00edses com grande n\u00famero de casos j\u00e1 sinalizam uma tend\u00eancia de queda.&nbsp;<\/p>\n\n\n\n<figure class=\"wp-block-image\"><img decoding=\"async\" data-src=\"https:\/\/imagens.ebc.com.br\/pbsrR1xBnVq6Ps9jzY5mPxn2mKg=\/754x0\/smart\/https:\/\/agenciabrasil.ebc.com.br\/sites\/default\/files\/thumbnails\/image\/covid-19_em_sete_paises_com_mais_casos_confirmados.jpg?itok=21wCa9c0\" alt=\"Distribui\u00e7\u00e3o dos \u00f3bitos por covid-19 em sete pa\u00edses com mais casos confirmados. \" title=\"Minist\u00e9rio da Sa\u00fade\" src=\"data:image\/svg+xml;base64,PHN2ZyB3aWR0aD0iMSIgaGVpZ2h0PSIxIiB4bWxucz0iaHR0cDovL3d3dy53My5vcmcvMjAwMC9zdmciPjwvc3ZnPg==\" class=\"lazyload\" \/><\/figure>\n\n\n\n<p>Distribui\u00e7\u00e3o dos \u00f3bitos por covid-19 em sete pa\u00edses com mais casos confirmados. &#8211;&nbsp;<strong>Minist\u00e9rio da Sa\u00fade<\/strong><\/p>\n\n\n\n<blockquote class=\"wp-block-quote is-layout-flow wp-block-quote-is-layout-flow\"><p><br>\u201cEstamos numa tend\u00eancia crescente principalmente por conta do quantitativo de testes assim como a transmiss\u00e3o que est\u00e1 ocorrendo em v\u00e1rias cidades. Estamos em uma ascend\u00eancia no n\u00famero de \u00f3bitos [por covid-19], mostrando que situa\u00e7\u00e3o epidemiol\u00f3gica \u00e9 de alerta no Brasil. N\u00e3o h\u00e1 perspectiva de estabiliza\u00e7\u00e3o ou diminui\u00e7\u00e3o\u201d, pontuou o secret\u00e1rio.<\/p><\/blockquote>\n\n\n\n<p>Essa avalia\u00e7\u00e3o, acrescentou, serve para os gestores locais balizarem suas medidas e para que a popula\u00e7\u00e3o tome os devidos cuidados para evitar a infec\u00e7\u00e3o. Ele defendeu a estrat\u00e9gia de testar, identificar os infectados e isolar os contatos.&nbsp;<\/p>\n\n\n\n<p>Contudo, n\u00e3o comentou as medidas de distanciamento mais r\u00edgidas sendo adotadas por diversos estados e cidades nem informou como ficou a situa\u00e7\u00e3o das&nbsp;<a href=\"https:\/\/agenciabrasil.ebc.com.br\/-politica\/noticia\/2020-05\/covid-19-ministerio-da-saude-propoe-novas-diretrizes-para-distanciamento-social\" target=\"_blank\" rel=\"noreferrer noopener\">orienta\u00e7\u00f5es para o distanciamento cuja vers\u00e3o preliminar foi anunciada na segunda-feira(11)<\/a>. Ontem o Minist\u00e9rio da Sa\u00fade cancelou a entrevista coletiva di\u00e1ria sob a alega\u00e7\u00e3o de que n\u00e3o havia conseguido consenso com secret\u00e1rios estaduais e municipais.&nbsp;<\/p>\n\n\n\n<h2 class=\"wp-block-heading\">Estados e cidades<\/h2>\n\n\n\n<p>De acordo com o mapa do Minist\u00e9rio da Sa\u00fade, em 2.988 cidades do pa\u00eds j\u00e1 foram registrados casos da doen\u00e7a. E em outros 1.087 munic\u00edpios j\u00e1 ocorreram \u00f3bitos por conta da covid-19. A equipe da pasta tamb\u00e9m elaborou levantamento para identificar a velocidade de avan\u00e7o da pandemia, considerando a evolu\u00e7\u00e3o a partir do registro do 50\u00ba caso. Este indicador n\u00e3o compara o n\u00famero de casos.&nbsp;<\/p>\n\n\n\n<p>No Brasil, a m\u00e9dia de aumento di\u00e1rio dos casos de covid-19 foi de 7,3%. Na Regi\u00e3o Nordeste, os estados com maior velocidade de dissemina\u00e7\u00e3o do v\u00edrus s\u00e3o a Para\u00edba, com 10,4%;&nbsp;e Maranh\u00e3o, 8,9%. Na Regi\u00e3o Norte, os de maior intensidade de aumento da epidemia s\u00e3o Par\u00e1 (10,4%) e Amazonas (9,1%).&nbsp;No Sudeste, os estados com evolu\u00e7\u00e3o mais r\u00e1pida da pandemia s\u00e3o Rio de Janeiro ( 6,4%) e S\u00e3o Paulo (6,1%). No Sul, Rio Grande do Sul (5,8%) e Santa Catarina (5,1%). E no Centro-Oeste, Mato Grosso (7,2%) e Distrito Federal (6,8%).&nbsp;<\/p>\n\n\n\n<h2 class=\"wp-block-heading\">Testes de covid-19<\/h2>\n\n\n\n<p>Mac\u00e1rio declarou que foram distribu\u00eddos at\u00e9 agora tr\u00eas milh\u00f5es de testes. Segundo ele, agora o momento \u00e9 da 2\u00aa fase, para a qual est\u00e1 previsto o encaminhamento de sete milh\u00f5es de testes de laborat\u00f3rio (PCR) e 9,5 milh\u00f5es de kits para exames sorol\u00f3gicos. At\u00e9 o fim do ano, a previs\u00e3o \u00e9 chegar a 46 milh\u00f5es realizados. De acordo com o representante do Minist\u00e9rio da Sa\u00fade, 128 mil exames ainda est\u00e3o em processamento.<\/p>\n\n\n\n<h2 class=\"wp-block-heading\">Veja na \u00edntegra<\/h2>\n\n\n\n<figure><iframe allowfullscreen=\"true\" height=\"315\" data-src=\"https:\/\/www.facebook.com\/plugins\/video.php?href=https%3A%2F%2Fwww.facebook.com%2Fagenciabrasil.ebc%2Fvideos%2F669047017267957%2F&amp;show_text=0&amp;width=560\" width=\"560\" src=\"data:image\/svg+xml;base64,PHN2ZyB3aWR0aD0iMSIgaGVpZ2h0PSIxIiB4bWxucz0iaHR0cDovL3d3dy53My5vcmcvMjAwMC9zdmciPjwvc3ZnPg==\" class=\"lazyload\" data-load-mode=\"1\"><\/iframe><\/figure>\n\n\n\n<p><br>No&nbsp;<a href=\"https:\/\/agenciabrasil.ebc.com.br\/saude\/noticia\/2020-05\/covid-19-brasil-tem-749-mortes-registradas-e-atinge-13149\" target=\"_blank\" rel=\"noreferrer noopener\">boletim divulgado ontem<\/a>&nbsp;(13) pelo Minist\u00e9rio da Sa\u00fade, o&nbsp;Brasil registrava&nbsp;13.149 mil mortes por covid-19.&nbsp;J\u00e1 os novos casos confirmados totalizaram&nbsp;188.974.&nbsp;Do total de casos confirmados, 97.402 (51,4%%) est\u00e3o em acompanhamento e 78.424 (41,5%) foram recuperados. H\u00e1 ainda 2.050 mortes em investiga\u00e7\u00e3o.&nbsp;<\/p>\n","protected":false},"excerpt":{"rendered":"<p>O secret\u00e1rio-substituto de Vigil\u00e2ncia em Sa\u00fade do Minist\u00e9rio da Sa\u00fade, Eduardo Mac\u00e1rio, participou hoje (14) de entrevista&nbsp;no Pal\u00e1cio do Planalto sobre&nbsp;covid-19 no Brasil. Ele apresentou&hellip; <\/p>\n","protected":false},"author":2,"featured_media":169611,"comment_status":"closed","ping_status":"closed","sticky":false,"template":"","format":"standard","meta":{"sfsi_plus_gutenberg_text_before_share":"","sfsi_plus_gutenberg_show_text_before_share":"","sfsi_plus_gutenberg_icon_type":"","sfsi_plus_gutenberg_icon_alignemt":"","sfsi_plus_gutenburg_max_per_row":"","footnotes":""},"categories":[2],"tags":[],"class_list":["post-169610","post","type-post","status-publish","format-standard","has-post-thumbnail","hentry","category-geral"],"_links":{"self":[{"href":"https:\/\/www.caririemacao.com\/1\/wp-json\/wp\/v2\/posts\/169610","targetHints":{"allow":["GET"]}}],"collection":[{"href":"https:\/\/www.caririemacao.com\/1\/wp-json\/wp\/v2\/posts"}],"about":[{"href":"https:\/\/www.caririemacao.com\/1\/wp-json\/wp\/v2\/types\/post"}],"author":[{"embeddable":true,"href":"https:\/\/www.caririemacao.com\/1\/wp-json\/wp\/v2\/users\/2"}],"replies":[{"embeddable":true,"href":"https:\/\/www.caririemacao.com\/1\/wp-json\/wp\/v2\/comments?post=169610"}],"version-history":[{"count":1,"href":"https:\/\/www.caririemacao.com\/1\/wp-json\/wp\/v2\/posts\/169610\/revisions"}],"predecessor-version":[{"id":169612,"href":"https:\/\/www.caririemacao.com\/1\/wp-json\/wp\/v2\/posts\/169610\/revisions\/169612"}],"wp:featuredmedia":[{"embeddable":true,"href":"https:\/\/www.caririemacao.com\/1\/wp-json\/wp\/v2\/media\/169611"}],"wp:attachment":[{"href":"https:\/\/www.caririemacao.com\/1\/wp-json\/wp\/v2\/media?parent=169610"}],"wp:term":[{"taxonomy":"category","embeddable":true,"href":"https:\/\/www.caririemacao.com\/1\/wp-json\/wp\/v2\/categories?post=169610"},{"taxonomy":"post_tag","embeddable":true,"href":"https:\/\/www.caririemacao.com\/1\/wp-json\/wp\/v2\/tags?post=169610"}],"curies":[{"name":"wp","href":"https:\/\/api.w.org\/{rel}","templated":true}]}}