{"id":169615,"date":"2020-05-15T09:19:45","date_gmt":"2020-05-15T12:19:45","guid":{"rendered":"https:\/\/www.caririemacao.com\/1\/?p=169615"},"modified":"2020-05-15T09:19:45","modified_gmt":"2020-05-15T12:19:45","slug":"bolsonaro-pede-para-empresarios-jogarem-pesado-contra-governadores-a-questao-e-seria-e-guerra","status":"publish","type":"post","link":"https:\/\/www.caririemacao.com\/1\/2020\/05\/15\/bolsonaro-pede-para-empresarios-jogarem-pesado-contra-governadores-a-questao-e-seria-e-guerra\/","title":{"rendered":"Bolsonaro pede para empres\u00e1rios \u2018jogarem pesado\u2019 contra governadores: \u201cA quest\u00e3o \u00e9 s\u00e9ria, \u00e9 guerra"},"content":{"rendered":"\n<h3 class=\"wp-block-heading\"><\/h3>\n\n\n\n<p><\/p>\n\n\n\n<hr class=\"wp-block-separator\"\/>\n\n\n\n<p>O presidente&nbsp;<a href=\"https:\/\/wscom.com.br\/psol-e-mbl-entram-com-pedido-para-derrubar-mp-que-isenta\/\" target=\"_blank\" rel=\"noreferrer noopener\"><strong>Jair Bolsonaro<\/strong>&nbsp;<\/a>disse na manh\u00e3 desta quinta-feira (14), que estava disposto a conversar com governadores sobre medidas para conter a pandemia de coronav\u00edrus. Na porta do Alvorada, Bolsonaro fez at\u00e9 um apelo: \u201cUm apelo que fa\u00e7o aos governadores. Revejam essa pol\u00edtica. Estou pronto para conversar. Vamos preservar a vida? Vamos\u201d.<\/p>\n\n\n\n<p>Poucos horas depois, no entanto, Bolsonaro demonstrou que o \u201capelo\u201d n\u00e3o passou de fachada. Em videoconfer\u00eancia com um grupo de empres\u00e1rios organizada pelo presidente da Fiesp (Federa\u00e7\u00e3o das Ind\u00fastrias do Estado de S\u00e3o Paulo), Paulo Skaf, seu aliado pol\u00edtico, Bolsonaro voltou a pedir que empres\u00e1rios pressionem os governadores pela reabertura do com\u00e9rcio e disse que \u201c\u00e9 guerra\u201d e que o setor empresarial precisa \u201cjogar pesado\u201d com os chefes de governo nos estados.<\/p>\n\n\n\n<p>\u201cUm homem est\u00e1 decidindo o futuro de S\u00e3o Paulo, decidindo o futuro da economia do Brasil\u201d, afirmou Bolsonaro, referindo-se ao governador Jo\u00e3o Doria (PSDB), seu advers\u00e1rio pol\u00edtico. \u201cOs senhores, com todo o respeito, t\u00eam que chamar o governador e jogar pesado. Jogar pesado, porque a quest\u00e3o \u00e9 s\u00e9ria, \u00e9 guerra.\u201d<\/p>\n\n\n\n<p>Bolsonaro diz que as medida de isolamento s\u00e3o piores para o pa\u00eds e minimiza o impacto do coronav\u00edrus e das mortes causadas pela contamina\u00e7\u00e3o.<\/p>\n\n\n\n<p>Bolsonaro \u00e9 um cr\u00edtico das a\u00e7\u00f5es de isolamento social e tem atacado governadores que determinaram o fechamento de com\u00e9rcio. Doria e governador do Rio de Janeiro, Wilson Witzel (PSC), s\u00e3o dois dos principais alvos do presidente.<\/p>\n","protected":false},"excerpt":{"rendered":"<p>O presidente&nbsp;Jair Bolsonaro&nbsp;disse na manh\u00e3 desta quinta-feira (14), que estava disposto a conversar com governadores sobre medidas para conter a pandemia de coronav\u00edrus. Na porta&hellip; <\/p>\n","protected":false},"author":2,"featured_media":169617,"comment_status":"closed","ping_status":"closed","sticky":false,"template":"","format":"standard","meta":{"sfsi_plus_gutenberg_text_before_share":"","sfsi_plus_gutenberg_show_text_before_share":"","sfsi_plus_gutenberg_icon_type":"","sfsi_plus_gutenberg_icon_alignemt":"","sfsi_plus_gutenburg_max_per_row":"","footnotes":""},"categories":[11],"tags":[],"class_list":["post-169615","post","type-post","status-publish","format-standard","has-post-thumbnail","hentry","category-politica"],"_links":{"self":[{"href":"https:\/\/www.caririemacao.com\/1\/wp-json\/wp\/v2\/posts\/169615","targetHints":{"allow":["GET"]}}],"collection":[{"href":"https:\/\/www.caririemacao.com\/1\/wp-json\/wp\/v2\/posts"}],"about":[{"href":"https:\/\/www.caririemacao.com\/1\/wp-json\/wp\/v2\/types\/post"}],"author":[{"embeddable":true,"href":"https:\/\/www.caririemacao.com\/1\/wp-json\/wp\/v2\/users\/2"}],"replies":[{"embeddable":true,"href":"https:\/\/www.caririemacao.com\/1\/wp-json\/wp\/v2\/comments?post=169615"}],"version-history":[{"count":1,"href":"https:\/\/www.caririemacao.com\/1\/wp-json\/wp\/v2\/posts\/169615\/revisions"}],"predecessor-version":[{"id":169618,"href":"https:\/\/www.caririemacao.com\/1\/wp-json\/wp\/v2\/posts\/169615\/revisions\/169618"}],"wp:featuredmedia":[{"embeddable":true,"href":"https:\/\/www.caririemacao.com\/1\/wp-json\/wp\/v2\/media\/169617"}],"wp:attachment":[{"href":"https:\/\/www.caririemacao.com\/1\/wp-json\/wp\/v2\/media?parent=169615"}],"wp:term":[{"taxonomy":"category","embeddable":true,"href":"https:\/\/www.caririemacao.com\/1\/wp-json\/wp\/v2\/categories?post=169615"},{"taxonomy":"post_tag","embeddable":true,"href":"https:\/\/www.caririemacao.com\/1\/wp-json\/wp\/v2\/tags?post=169615"}],"curies":[{"name":"wp","href":"https:\/\/api.w.org\/{rel}","templated":true}]}}