{"id":169623,"date":"2020-05-15T09:23:38","date_gmt":"2020-05-15T12:23:38","guid":{"rendered":"https:\/\/www.caririemacao.com\/1\/?p=169623"},"modified":"2020-05-15T09:23:38","modified_gmt":"2020-05-15T12:23:38","slug":"santos-tenta-explicar-corte-de-70-do-salario-de-jogadores","status":"publish","type":"post","link":"https:\/\/www.caririemacao.com\/1\/2020\/05\/15\/santos-tenta-explicar-corte-de-70-do-salario-de-jogadores\/","title":{"rendered":"Santos tenta explicar corte de 70% do sal\u00e1rio de jogadores"},"content":{"rendered":"\n<h3 class=\"wp-block-heading\"><\/h3>\n\n\n\n<p><\/p>\n\n\n\n<hr class=\"wp-block-separator\"\/>\n\n\n\n<p>O&nbsp;<a href=\"https:\/\/wscom.com.br\/corte-em-70-de-salarios-no-santos-causa-insatisfacao-no-elenco-e-pode-gerar-boicote\/\" target=\"_blank\" rel=\"noreferrer noopener\"><strong>Santos<\/strong>&nbsp;<\/a>desmentiu por nota que tenha cortado 70% dos vencimentos do elenco profissional. \u201cAinda n\u00e3o houve desfecho nas negocia\u00e7\u00f5es de redu\u00e7\u00e3o salarial com os atletas, e que, independentemente deste fato, optou por tomar a decis\u00e3o de efetuar o pagamento parcial de seus respectivos sal\u00e1rios referentes ao m\u00eas de abril, sob a mesma pol\u00edtica adotada para todos os demais funcion\u00e1rios do clube. As negocia\u00e7\u00f5es com os atletas seguir\u00e3o em andamento, com o intuito de encontrar um denominador comum entre as partes\u201d, diz o clube em comunicado emitido nesta quinta (14).<\/p>\n\n\n\n<p>O time da Vila Belmiro tamb\u00e9m diz que, em raz\u00e3o da pandemia do novo coronav\u00edrus (covid-19), tem feito o poss\u00edvel para atender todo o quadro de funcion\u00e1rios, inclusive terceirizados e fornecedores da equipe: \u201cMesmo em estado de calamidade p\u00fablica e com importantes receitas suspensas, aproximadamente 60% dos funcion\u00e1rios receberam seus sal\u00e1rios integralmente\u201d.<\/p>\n\n\n\n<p>A explica\u00e7\u00e3o n\u00e3o convenceu os jogadores, que n\u00e3o escondem a insatisfa\u00e7\u00e3o. V\u00e1rios deles publicaram, nas redes sociais, a posi\u00e7\u00e3o do Sindicato dos Atletas de Futebol do Munic\u00edpio de S\u00e3o Paulo (SIAFMSP): \u201cEmbora tenham negociado um valor de desconto com a dire\u00e7\u00e3o [30% de seus sal\u00e1rios] justamente por compreender a triste e at\u00edpica situa\u00e7\u00e3o, a diretoria, na figura de seu presidente, n\u00e3o apenas n\u00e3o honrou com o combinado, descontando absurdos 70% dos vencimentos\u201d, diz a nota do sindicato, que n\u00e3o abrange os jogadores santistas por ser de outra cidade. \u201c\u00c9 inadmiss\u00edvel que os atletas passem por esta situa\u00e7\u00e3o ou qualquer outra semelhante, seja no munic\u00edpio de S\u00e3o Paulo ou em outros, no masculino ou no feminino\u201d, reitera a publica\u00e7\u00e3o do SIAFSM.<\/p>\n","protected":false},"excerpt":{"rendered":"<p>O&nbsp;Santos&nbsp;desmentiu por nota que tenha cortado 70% dos vencimentos do elenco profissional. \u201cAinda n\u00e3o houve desfecho nas negocia\u00e7\u00f5es de redu\u00e7\u00e3o salarial com os atletas, e&hellip; <\/p>\n","protected":false},"author":2,"featured_media":169624,"comment_status":"closed","ping_status":"closed","sticky":false,"template":"","format":"standard","meta":{"sfsi_plus_gutenberg_text_before_share":"","sfsi_plus_gutenberg_show_text_before_share":"","sfsi_plus_gutenberg_icon_type":"","sfsi_plus_gutenberg_icon_alignemt":"","sfsi_plus_gutenburg_max_per_row":"","footnotes":""},"categories":[2],"tags":[],"class_list":["post-169623","post","type-post","status-publish","format-standard","has-post-thumbnail","hentry","category-geral"],"_links":{"self":[{"href":"https:\/\/www.caririemacao.com\/1\/wp-json\/wp\/v2\/posts\/169623","targetHints":{"allow":["GET"]}}],"collection":[{"href":"https:\/\/www.caririemacao.com\/1\/wp-json\/wp\/v2\/posts"}],"about":[{"href":"https:\/\/www.caririemacao.com\/1\/wp-json\/wp\/v2\/types\/post"}],"author":[{"embeddable":true,"href":"https:\/\/www.caririemacao.com\/1\/wp-json\/wp\/v2\/users\/2"}],"replies":[{"embeddable":true,"href":"https:\/\/www.caririemacao.com\/1\/wp-json\/wp\/v2\/comments?post=169623"}],"version-history":[{"count":1,"href":"https:\/\/www.caririemacao.com\/1\/wp-json\/wp\/v2\/posts\/169623\/revisions"}],"predecessor-version":[{"id":169625,"href":"https:\/\/www.caririemacao.com\/1\/wp-json\/wp\/v2\/posts\/169623\/revisions\/169625"}],"wp:featuredmedia":[{"embeddable":true,"href":"https:\/\/www.caririemacao.com\/1\/wp-json\/wp\/v2\/media\/169624"}],"wp:attachment":[{"href":"https:\/\/www.caririemacao.com\/1\/wp-json\/wp\/v2\/media?parent=169623"}],"wp:term":[{"taxonomy":"category","embeddable":true,"href":"https:\/\/www.caririemacao.com\/1\/wp-json\/wp\/v2\/categories?post=169623"},{"taxonomy":"post_tag","embeddable":true,"href":"https:\/\/www.caririemacao.com\/1\/wp-json\/wp\/v2\/tags?post=169623"}],"curies":[{"name":"wp","href":"https:\/\/api.w.org\/{rel}","templated":true}]}}