{"id":169643,"date":"2020-05-15T09:44:56","date_gmt":"2020-05-15T12:44:56","guid":{"rendered":"https:\/\/www.caririemacao.com\/1\/?p=169643"},"modified":"2020-05-15T09:44:56","modified_gmt":"2020-05-15T12:44:56","slug":"prefeitura-de-amparo-envia-a-camara-de-vereadores-projeto-que-solicita-credito-adicional-especial","status":"publish","type":"post","link":"https:\/\/www.caririemacao.com\/1\/2020\/05\/15\/prefeitura-de-amparo-envia-a-camara-de-vereadores-projeto-que-solicita-credito-adicional-especial\/","title":{"rendered":"Prefeitura de Amparo envia \u00e0 C\u00e2mara de Vereadores projeto que solicita Cr\u00e9dito Adicional Especial"},"content":{"rendered":"\n<p>Na noite desta quinta-feira (14), foi protocolado junto a secretaria da C\u00e2mara de Vereadores de Amparo o Projeto de Lei N\u00b0 007\/2020 de autoria do Poder Executivo Municipal que solicita Cr\u00e9dito Adicional Especial no valor de 456.980,24(quatrocentos e cinquenta e seis mil novecentos e oitenta reais e vinte quatro centavos), para suplementa\u00e7\u00e3o da Lei Or\u00e7ament\u00e1ria Anual.<\/p>\n\n\n\n<p>A fonte do recurso \u00e9 proveniente da reparti\u00e7\u00e3o por parte da Uni\u00e3o, de valores relativos \u00e0 Cess\u00e3o Onerosa de B\u00f4nus de assinaturas do Pr\u00e9-sal.<\/p>\n\n\n\n<p>Vale destacar que os recursos s\u00f3 poder\u00e3o ser usados para infraestrutura. Neste sentido o prefeito In\u00e1cio N\u00f3brega realizou uma audi\u00eancia p\u00fablica online, (devido a Pandemia Covid-19) onde algumas obras foram destacadas para beneficiar a popula\u00e7\u00e3o.<\/p>\n\n\n\n<p><strong>Confira a rela\u00e7\u00e3o:<\/strong><\/p>\n\n\n\n<p>* Reforma da Quadra Escolar \u2013 R$ 22.976,68<\/p>\n\n\n\n<p>* Reforma, amplia\u00e7\u00e3o e ilumina\u00e7\u00e3o do est\u00e1dio o Ronald\u00e3o \u2013 R$ 142.003,56<\/p>\n\n\n\n<p>* Constru\u00e7\u00e3o de Central de Vel\u00f3rios \u2013 R$ 75.000,00<\/p>\n\n\n\n<p>* Perfura\u00e7\u00e3o de 50 po\u00e7os artesianos \u2013 R$ 175.000,00<\/p>\n\n\n\n<p>* Constru\u00e7\u00e3o de 10 Pontos de \u00f4nibus na zona rural \u2013 R$ 42.000,00<\/p>\n\n\n\n<p>A aprova\u00e7\u00e3o do cr\u00e9dito adicional atender\u00e1 n\u00e3o s\u00f3 os pleitos do executivo municipal, mas tamb\u00e9m muitas das demandas do legislativo municipal.<\/p>\n\n\n\n<p>\u201cAcreditamos que mesmo em um momento de crise na sa\u00fade p\u00fablica, o munic\u00edpio n\u00e3o pode parar com suas obras estruturantes, iremos aguardar o parecer das comiss\u00f5es do legislativo municipal, para que possamos iniciar as obras e contemplar a nossa popula\u00e7\u00e3o\u201d, afirmou o prefeito In\u00e1cio N\u00f3brega.<\/p>\n\n\n\n<p>Ascom<\/p>\n","protected":false},"excerpt":{"rendered":"<p>Na noite desta quinta-feira (14), foi protocolado junto a secretaria da C\u00e2mara de Vereadores de Amparo o Projeto de Lei N\u00b0 007\/2020 de autoria do&hellip; <\/p>\n","protected":false},"author":1,"featured_media":168560,"comment_status":"closed","ping_status":"closed","sticky":false,"template":"","format":"standard","meta":{"sfsi_plus_gutenberg_text_before_share":"","sfsi_plus_gutenberg_show_text_before_share":"","sfsi_plus_gutenberg_icon_type":"","sfsi_plus_gutenberg_icon_alignemt":"","sfsi_plus_gutenburg_max_per_row":"","footnotes":""},"categories":[6,50],"tags":[],"class_list":["post-169643","post","type-post","status-publish","format-standard","has-post-thumbnail","hentry","category-cidades","category-destaque"],"_links":{"self":[{"href":"https:\/\/www.caririemacao.com\/1\/wp-json\/wp\/v2\/posts\/169643","targetHints":{"allow":["GET"]}}],"collection":[{"href":"https:\/\/www.caririemacao.com\/1\/wp-json\/wp\/v2\/posts"}],"about":[{"href":"https:\/\/www.caririemacao.com\/1\/wp-json\/wp\/v2\/types\/post"}],"author":[{"embeddable":true,"href":"https:\/\/www.caririemacao.com\/1\/wp-json\/wp\/v2\/users\/1"}],"replies":[{"embeddable":true,"href":"https:\/\/www.caririemacao.com\/1\/wp-json\/wp\/v2\/comments?post=169643"}],"version-history":[{"count":1,"href":"https:\/\/www.caririemacao.com\/1\/wp-json\/wp\/v2\/posts\/169643\/revisions"}],"predecessor-version":[{"id":169644,"href":"https:\/\/www.caririemacao.com\/1\/wp-json\/wp\/v2\/posts\/169643\/revisions\/169644"}],"wp:featuredmedia":[{"embeddable":true,"href":"https:\/\/www.caririemacao.com\/1\/wp-json\/wp\/v2\/media\/168560"}],"wp:attachment":[{"href":"https:\/\/www.caririemacao.com\/1\/wp-json\/wp\/v2\/media?parent=169643"}],"wp:term":[{"taxonomy":"category","embeddable":true,"href":"https:\/\/www.caririemacao.com\/1\/wp-json\/wp\/v2\/categories?post=169643"},{"taxonomy":"post_tag","embeddable":true,"href":"https:\/\/www.caririemacao.com\/1\/wp-json\/wp\/v2\/tags?post=169643"}],"curies":[{"name":"wp","href":"https:\/\/api.w.org\/{rel}","templated":true}]}}