{"id":169653,"date":"2020-05-15T10:20:57","date_gmt":"2020-05-15T13:20:57","guid":{"rendered":"https:\/\/www.caririemacao.com\/1\/?p=169653"},"modified":"2020-05-15T10:20:57","modified_gmt":"2020-05-15T13:20:57","slug":"defesa-de-moro-diz-que-governo-omite-trechos-de-reuniao-e-ve-disparidade-de-armas-em-inquerito","status":"publish","type":"post","link":"https:\/\/www.caririemacao.com\/1\/2020\/05\/15\/defesa-de-moro-diz-que-governo-omite-trechos-de-reuniao-e-ve-disparidade-de-armas-em-inquerito\/","title":{"rendered":"Defesa de Moro diz que governo omite trechos de reuni\u00e3o e v\u00ea &#8216;disparidade de armas&#8217; em inqu\u00e9rito"},"content":{"rendered":"\n<h1 class=\"wp-block-heading\"><\/h1>\n\n\n\n<p>O advogado de Moro, Rodrigo Sanchez Rios, afirmou que a transcri\u00e7\u00e3o parcial da reuni\u00e3o revela uma &#8220;disparidade de armas&#8221;, termo usado no mundo jur\u00eddico para caracterizar a desigualdade de acesso a informa\u00e7\u00f5es relativas \u00e0s partes de uma a\u00e7\u00e3o.<\/p>\n\n\n\n<p>&#8220;A transcri\u00e7\u00e3o parcial revela disparidade de armas, pois demonstra que a AGU tem acesso ao v\u00eddeo, enquanto a defesa de Sergio Moro n\u00e3o tem&#8221;, afirmou Rios em nota.<br>Nesta quinta-feira (14), a AGU incluiu a transcri\u00e7\u00e3o de trechos de falas do presidente Jair Bolsonaro durante a reuni\u00e3o ministerial de 22 de abril.<\/p>\n\n\n\n<p>O documento pede ao relator do processo, ministro do STF Celso de Mello, que torne p\u00fablico apenas o que foi dito pelo presidente, com exce\u00e7\u00e3o a men\u00e7\u00f5es ao comportamento de outras na\u00e7\u00f5es. As falas dos ministros, para o \u00f3rg\u00e3o, devem ser mantidas em sigilo.<\/p>\n\n\n\n<p>De acordo com a AGU, os trechos transcritos por ela na peti\u00e7\u00e3o s\u00e3o os \u00fanicos referentes \u00e0s acusa\u00e7\u00f5es do ex-ministro da Justi\u00e7a presentes no v\u00eddeo relevantes ao caso.<\/p>\n\n\n\n<p>Em um dos trechos transcritos pela AGU, Bolsonaro diz que n\u00e3o iria esperar &#8220;f.&#8221; algu\u00e9m de sua fam\u00edlia ou amigo dele.<\/p>\n\n\n\n<p>&#8220;J\u00e1 tentei trocar gente da seguran\u00e7a nossa no Rio de Janeiro oficialmente e n\u00e3o consegui. Isso acabou. Eu n\u00e3o vou esperar f. minha fam\u00edlia toda de sacanagem, ou amigo meu, porque eu n\u00e3o posso trocar algu\u00e9m da seguran\u00e7a da ponta de linha que pertence \u00e0 estrutura. Vai trocar; se n\u00e3o puder trocar, troca o chefe dele; n\u00e3o pode trocar o chefe, troca o ministro. E ponto final. N\u00e3o estamos aqui para brincadeira.&#8221;<\/p>\n\n\n\n<p>A defesa de Moro contesta a posi\u00e7\u00e3o do \u00f3rg\u00e3o do governo.<\/p>\n\n\n\n<p>De acordo com Rios, apesar da peti\u00e7\u00e3o conter transcri\u00e7\u00f5es literais de trechos das declara\u00e7\u00f5es do presidente, elas omitem o contexto em que foram ditas e &#8220;trechos relevantes para a adequada compreens\u00e3o&#8221;.<\/p>\n\n\n\n<p>&#8220;A transcri\u00e7\u00e3o parcial que busca apenas refor\u00e7ar a tese da defesa do Presidente refor\u00e7a a necessidade urgente de libera\u00e7\u00e3o da integralidade do v\u00eddeo&#8221;, afirmou o defensor na nota.<\/p>\n","protected":false},"excerpt":{"rendered":"<p>O advogado de Moro, Rodrigo Sanchez Rios, afirmou que a transcri\u00e7\u00e3o parcial da reuni\u00e3o revela uma &#8220;disparidade de armas&#8221;, termo usado no mundo jur\u00eddico para&hellip; <\/p>\n","protected":false},"author":2,"featured_media":169654,"comment_status":"closed","ping_status":"closed","sticky":false,"template":"","format":"standard","meta":{"sfsi_plus_gutenberg_text_before_share":"","sfsi_plus_gutenberg_show_text_before_share":"","sfsi_plus_gutenberg_icon_type":"","sfsi_plus_gutenberg_icon_alignemt":"","sfsi_plus_gutenburg_max_per_row":"","footnotes":""},"categories":[2],"tags":[],"class_list":["post-169653","post","type-post","status-publish","format-standard","has-post-thumbnail","hentry","category-geral"],"_links":{"self":[{"href":"https:\/\/www.caririemacao.com\/1\/wp-json\/wp\/v2\/posts\/169653","targetHints":{"allow":["GET"]}}],"collection":[{"href":"https:\/\/www.caririemacao.com\/1\/wp-json\/wp\/v2\/posts"}],"about":[{"href":"https:\/\/www.caririemacao.com\/1\/wp-json\/wp\/v2\/types\/post"}],"author":[{"embeddable":true,"href":"https:\/\/www.caririemacao.com\/1\/wp-json\/wp\/v2\/users\/2"}],"replies":[{"embeddable":true,"href":"https:\/\/www.caririemacao.com\/1\/wp-json\/wp\/v2\/comments?post=169653"}],"version-history":[{"count":1,"href":"https:\/\/www.caririemacao.com\/1\/wp-json\/wp\/v2\/posts\/169653\/revisions"}],"predecessor-version":[{"id":169655,"href":"https:\/\/www.caririemacao.com\/1\/wp-json\/wp\/v2\/posts\/169653\/revisions\/169655"}],"wp:featuredmedia":[{"embeddable":true,"href":"https:\/\/www.caririemacao.com\/1\/wp-json\/wp\/v2\/media\/169654"}],"wp:attachment":[{"href":"https:\/\/www.caririemacao.com\/1\/wp-json\/wp\/v2\/media?parent=169653"}],"wp:term":[{"taxonomy":"category","embeddable":true,"href":"https:\/\/www.caririemacao.com\/1\/wp-json\/wp\/v2\/categories?post=169653"},{"taxonomy":"post_tag","embeddable":true,"href":"https:\/\/www.caririemacao.com\/1\/wp-json\/wp\/v2\/tags?post=169653"}],"curies":[{"name":"wp","href":"https:\/\/api.w.org\/{rel}","templated":true}]}}