{"id":169658,"date":"2020-05-15T10:31:04","date_gmt":"2020-05-15T13:31:04","guid":{"rendered":"https:\/\/www.caririemacao.com\/1\/?p=169658"},"modified":"2020-05-15T10:31:04","modified_gmt":"2020-05-15T13:31:04","slug":"presidente-da-camara-de-congo-parabeniza-populacao-pelo-aniversario-da-cidade","status":"publish","type":"post","link":"https:\/\/www.caririemacao.com\/1\/2020\/05\/15\/presidente-da-camara-de-congo-parabeniza-populacao-pelo-aniversario-da-cidade\/","title":{"rendered":"Presidente da C\u00e2mara de Congo parabeniza popula\u00e7\u00e3o pelo anivers\u00e1rio da cidade"},"content":{"rendered":"\n<p>A cidade de Congo comemora nesta sexta-feira, dia 15 de maio, 61 anos de emancipa\u00e7\u00e3o pol\u00edtico-administrativa e o presidente Lenilson Bezerra, em nome de todos os vereadores e servidores que fazem a C\u00e2mara Municipal, parabeniza, em especial a popula\u00e7\u00e3o congoense por esta data t\u00e3o especial.<\/p>\n\n\n\n<p>Feliz Anivers\u00e1rio!<\/p>\n\n\n\n<p><strong>Confira mensagem:<\/strong><\/p>\n\n\n\n<p>Povo que, com o suor do dia-a-dia, vem em busca do seu crescimento e do bem comum. Desejamos que cada cidad\u00e3o seja um ponto de perseveran\u00e7a, para alcan\u00e7armos dias melhores, colocando nossa cidade nos caminhos do sucesso.<\/p>\n\n\n\n<p>Almejamos que as conquistas do munic\u00edpio sejam sempre em prol de todos, demonstrando que cabe a n\u00f3s fazermos o amanh\u00e3, na incessante busca do caminho correto por uma cidade mais digna com os direitos cada vez mais concretizados.<\/p>\n\n\n\n<p>Parab\u00e9ns a todos que cumprem o seu dever, sempre fazendo o melhor; tamb\u00e9m aqueles que buscam novas ideias e aceitam os desafios. \u00c9 com essa ideologia que alcan\u00e7aremos os objetivos, deslumbrando o sucesso vindouro.<\/p>\n\n\n\n<p>Acreditando nisso, os vereadores e servidores da C\u00e2mara Municipal de Congo t\u00eam trabalhado com muita dedica\u00e7\u00e3o e afinco, para subir a cada dia um degrau rumo ao progresso que tanto desejamos.<\/p>\n","protected":false},"excerpt":{"rendered":"<p>A cidade de Congo comemora nesta sexta-feira, dia 15 de maio, 61 anos de emancipa\u00e7\u00e3o pol\u00edtico-administrativa e o presidente Lenilson Bezerra, em nome de todos&hellip; <\/p>\n","protected":false},"author":1,"featured_media":93629,"comment_status":"closed","ping_status":"closed","sticky":false,"template":"","format":"standard","meta":{"sfsi_plus_gutenberg_text_before_share":"","sfsi_plus_gutenberg_show_text_before_share":"","sfsi_plus_gutenberg_icon_type":"","sfsi_plus_gutenberg_icon_alignemt":"","sfsi_plus_gutenburg_max_per_row":"","footnotes":""},"categories":[6,50],"tags":[],"class_list":["post-169658","post","type-post","status-publish","format-standard","has-post-thumbnail","hentry","category-cidades","category-destaque"],"_links":{"self":[{"href":"https:\/\/www.caririemacao.com\/1\/wp-json\/wp\/v2\/posts\/169658","targetHints":{"allow":["GET"]}}],"collection":[{"href":"https:\/\/www.caririemacao.com\/1\/wp-json\/wp\/v2\/posts"}],"about":[{"href":"https:\/\/www.caririemacao.com\/1\/wp-json\/wp\/v2\/types\/post"}],"author":[{"embeddable":true,"href":"https:\/\/www.caririemacao.com\/1\/wp-json\/wp\/v2\/users\/1"}],"replies":[{"embeddable":true,"href":"https:\/\/www.caririemacao.com\/1\/wp-json\/wp\/v2\/comments?post=169658"}],"version-history":[{"count":1,"href":"https:\/\/www.caririemacao.com\/1\/wp-json\/wp\/v2\/posts\/169658\/revisions"}],"predecessor-version":[{"id":169663,"href":"https:\/\/www.caririemacao.com\/1\/wp-json\/wp\/v2\/posts\/169658\/revisions\/169663"}],"wp:featuredmedia":[{"embeddable":true,"href":"https:\/\/www.caririemacao.com\/1\/wp-json\/wp\/v2\/media\/93629"}],"wp:attachment":[{"href":"https:\/\/www.caririemacao.com\/1\/wp-json\/wp\/v2\/media?parent=169658"}],"wp:term":[{"taxonomy":"category","embeddable":true,"href":"https:\/\/www.caririemacao.com\/1\/wp-json\/wp\/v2\/categories?post=169658"},{"taxonomy":"post_tag","embeddable":true,"href":"https:\/\/www.caririemacao.com\/1\/wp-json\/wp\/v2\/tags?post=169658"}],"curies":[{"name":"wp","href":"https:\/\/api.w.org\/{rel}","templated":true}]}}