{"id":169664,"date":"2020-05-15T10:49:54","date_gmt":"2020-05-15T13:49:54","guid":{"rendered":"https:\/\/www.caririemacao.com\/1\/?p=169664"},"modified":"2020-05-15T10:49:54","modified_gmt":"2020-05-15T13:49:54","slug":"vereador-fabiano-solicita-que-seja-concedido-bonificacao-salarial-aos-servidores-da-saude-no-congo","status":"publish","type":"post","link":"https:\/\/www.caririemacao.com\/1\/2020\/05\/15\/vereador-fabiano-solicita-que-seja-concedido-bonificacao-salarial-aos-servidores-da-saude-no-congo\/","title":{"rendered":"Vereador Fabiano solicita que seja concedido bonifica\u00e7\u00e3o salarial aos servidores da sa\u00fade no Congo"},"content":{"rendered":"\n<p>O vereador de Congo, Fabiano Bolacha, enviou of\u00edcio ao prefeito do munic\u00edpio, solicitando que seja concedido uma bonifica\u00e7\u00e3o salarial aos servidores da sa\u00fade na linha de frente no enfrentamento e combate ao COV1D-19 tendo em vista os casos que todos est\u00e3o surgindo no munic\u00edpio.<\/p>\n\n\n\n<p>De acordo com o vereador Fabiano, esta gratifica\u00e7\u00e3o salarial aos servidores municipais que atuam na linha de frente do combate \u00e0 pandemia do novo coronav\u00edrus (Covid-19) vem incentiv\u00e1-los, e acima de tudo, valorizar\u00e1 aqueles que t\u00eam deixado suas fam\u00edlias para prestar seus servi\u00e7os e proteger a sa\u00fade das pessoas.<\/p>\n","protected":false},"excerpt":{"rendered":"<p>O vereador de Congo, Fabiano Bolacha, enviou of\u00edcio ao prefeito do munic\u00edpio, solicitando que seja concedido uma bonifica\u00e7\u00e3o salarial aos servidores da sa\u00fade na linha&hellip; <\/p>\n","protected":false},"author":1,"featured_media":169665,"comment_status":"closed","ping_status":"closed","sticky":false,"template":"","format":"standard","meta":{"sfsi_plus_gutenberg_text_before_share":"","sfsi_plus_gutenberg_show_text_before_share":"","sfsi_plus_gutenberg_icon_type":"","sfsi_plus_gutenberg_icon_alignemt":"","sfsi_plus_gutenburg_max_per_row":"","footnotes":""},"categories":[50,2],"tags":[],"class_list":["post-169664","post","type-post","status-publish","format-standard","has-post-thumbnail","hentry","category-destaque","category-geral"],"_links":{"self":[{"href":"https:\/\/www.caririemacao.com\/1\/wp-json\/wp\/v2\/posts\/169664","targetHints":{"allow":["GET"]}}],"collection":[{"href":"https:\/\/www.caririemacao.com\/1\/wp-json\/wp\/v2\/posts"}],"about":[{"href":"https:\/\/www.caririemacao.com\/1\/wp-json\/wp\/v2\/types\/post"}],"author":[{"embeddable":true,"href":"https:\/\/www.caririemacao.com\/1\/wp-json\/wp\/v2\/users\/1"}],"replies":[{"embeddable":true,"href":"https:\/\/www.caririemacao.com\/1\/wp-json\/wp\/v2\/comments?post=169664"}],"version-history":[{"count":1,"href":"https:\/\/www.caririemacao.com\/1\/wp-json\/wp\/v2\/posts\/169664\/revisions"}],"predecessor-version":[{"id":169666,"href":"https:\/\/www.caririemacao.com\/1\/wp-json\/wp\/v2\/posts\/169664\/revisions\/169666"}],"wp:featuredmedia":[{"embeddable":true,"href":"https:\/\/www.caririemacao.com\/1\/wp-json\/wp\/v2\/media\/169665"}],"wp:attachment":[{"href":"https:\/\/www.caririemacao.com\/1\/wp-json\/wp\/v2\/media?parent=169664"}],"wp:term":[{"taxonomy":"category","embeddable":true,"href":"https:\/\/www.caririemacao.com\/1\/wp-json\/wp\/v2\/categories?post=169664"},{"taxonomy":"post_tag","embeddable":true,"href":"https:\/\/www.caririemacao.com\/1\/wp-json\/wp\/v2\/tags?post=169664"}],"curies":[{"name":"wp","href":"https:\/\/api.w.org\/{rel}","templated":true}]}}