{"id":169671,"date":"2020-05-15T12:21:08","date_gmt":"2020-05-15T15:21:08","guid":{"rendered":"https:\/\/www.caririemacao.com\/1\/?p=169671"},"modified":"2020-05-15T12:21:08","modified_gmt":"2020-05-15T15:21:08","slug":"governo-publica-calendario-da-2a-parcela-do-auxilio-emergencial-veja-as-datas","status":"publish","type":"post","link":"https:\/\/www.caririemacao.com\/1\/2020\/05\/15\/governo-publica-calendario-da-2a-parcela-do-auxilio-emergencial-veja-as-datas\/","title":{"rendered":"Governo publica calend\u00e1rio da 2\u00aa parcela do aux\u00edlio emergencial; VEJA AS DATAS"},"content":{"rendered":"\n<p>O calend\u00e1rio do pagamento da 2\u00aa parcela do aux\u00edlio emergencial de R$ 600&nbsp;foi publicado no Di\u00e1rio Oficial da Uni\u00e3o desta sexta-feira (15). Tamb\u00e9m nesta sexta, foi&nbsp;sancionada a lei que amplia o grupo de pessoas aptas&nbsp;a receber o benef\u00edcio.<\/p>\n\n\n\n<p>Segundo portaria sobre o calend\u00e1rio, assinada pelo ministro Onyx Lorenzoni, quem recebeu a 1\u00aa parcela at\u00e9 30 de abril receber\u00e1 o cr\u00e9dito da segunda parcela em poupan\u00e7a social digital&nbsp;a partir de quarta-feira (20), de acordo com a data de nascimento.<\/p>\n\n\n\n<p>Inicialmente, os recursos estar\u00e3o dispon\u00edveis apenas em na poupan\u00e7a social digital para movimenta\u00e7\u00f5es digitais: pagamento de contas, de boletos e realiza\u00e7\u00e3o de compras por meio de cart\u00e3o de d\u00e9bito virtual. Os saques em esp\u00e9cie para esse p\u00fablico poder\u00e3o ser feitos s\u00f3 a partir de 2 de junho, tamb\u00e9m de acordo com a data de nascimento.<\/p>\n\n\n\n<p>Para&nbsp;quem recebe o Bolsa Fam\u00edlia, o calend\u00e1rio \u00e9 diferente. Os saques em esp\u00e9cie come\u00e7am na segunda-feira (18) para benefici\u00e1rios com N\u00famero de Identifica\u00e7\u00e3o Social (NIS) 1. Os demais ser\u00e3o liberados nos dias seguintes.<\/p>\n\n\n\n<p><strong>Confira o calend\u00e1rio:<\/strong><\/p>\n\n\n\n<div class=\"wp-block-image\"><figure class=\"aligncenter\"><img decoding=\"async\" data-src=\"http:\/\/deolhonocariri.com.br\/wp-content\/uploads\/2020\/05\/calendario.jpg\" alt=\"\" class=\"wp-image-82444 lazyload\" src=\"data:image\/svg+xml;base64,PHN2ZyB3aWR0aD0iMSIgaGVpZ2h0PSIxIiB4bWxucz0iaHR0cDovL3d3dy53My5vcmcvMjAwMC9zdmciPjwvc3ZnPg==\" \/><\/figure><\/div>\n\n\n\n<div class=\"wp-block-image\"><figure class=\"aligncenter\"><img decoding=\"async\" data-src=\"http:\/\/deolhonocariri.com.br\/wp-content\/uploads\/2020\/05\/calendario_2.jpg\" alt=\"\" class=\"wp-image-82445 lazyload\" src=\"data:image\/svg+xml;base64,PHN2ZyB3aWR0aD0iMSIgaGVpZ2h0PSIxIiB4bWxucz0iaHR0cDovL3d3dy53My5vcmcvMjAwMC9zdmciPjwvc3ZnPg==\" \/><\/figure><\/div>\n\n\n\n<div class=\"wp-block-image\"><figure class=\"aligncenter\"><img decoding=\"async\" data-src=\"http:\/\/deolhonocariri.com.br\/wp-content\/uploads\/2020\/05\/calendario_3.jpg\" alt=\"\" class=\"wp-image-82446 lazyload\" src=\"data:image\/svg+xml;base64,PHN2ZyB3aWR0aD0iMSIgaGVpZ2h0PSIxIiB4bWxucz0iaHR0cDovL3d3dy53My5vcmcvMjAwMC9zdmciPjwvc3ZnPg==\" \/><\/figure><\/div>\n","protected":false},"excerpt":{"rendered":"<p>O calend\u00e1rio do pagamento da 2\u00aa parcela do aux\u00edlio emergencial de R$ 600&nbsp;foi publicado no Di\u00e1rio Oficial da Uni\u00e3o desta sexta-feira (15). Tamb\u00e9m nesta sexta,&hellip; <\/p>\n","protected":false},"author":2,"featured_media":167416,"comment_status":"closed","ping_status":"closed","sticky":false,"template":"","format":"standard","meta":{"sfsi_plus_gutenberg_text_before_share":"","sfsi_plus_gutenberg_show_text_before_share":"","sfsi_plus_gutenberg_icon_type":"","sfsi_plus_gutenberg_icon_alignemt":"","sfsi_plus_gutenburg_max_per_row":"","footnotes":""},"categories":[50,2],"tags":[],"class_list":["post-169671","post","type-post","status-publish","format-standard","has-post-thumbnail","hentry","category-destaque","category-geral"],"_links":{"self":[{"href":"https:\/\/www.caririemacao.com\/1\/wp-json\/wp\/v2\/posts\/169671","targetHints":{"allow":["GET"]}}],"collection":[{"href":"https:\/\/www.caririemacao.com\/1\/wp-json\/wp\/v2\/posts"}],"about":[{"href":"https:\/\/www.caririemacao.com\/1\/wp-json\/wp\/v2\/types\/post"}],"author":[{"embeddable":true,"href":"https:\/\/www.caririemacao.com\/1\/wp-json\/wp\/v2\/users\/2"}],"replies":[{"embeddable":true,"href":"https:\/\/www.caririemacao.com\/1\/wp-json\/wp\/v2\/comments?post=169671"}],"version-history":[{"count":1,"href":"https:\/\/www.caririemacao.com\/1\/wp-json\/wp\/v2\/posts\/169671\/revisions"}],"predecessor-version":[{"id":169672,"href":"https:\/\/www.caririemacao.com\/1\/wp-json\/wp\/v2\/posts\/169671\/revisions\/169672"}],"wp:featuredmedia":[{"embeddable":true,"href":"https:\/\/www.caririemacao.com\/1\/wp-json\/wp\/v2\/media\/167416"}],"wp:attachment":[{"href":"https:\/\/www.caririemacao.com\/1\/wp-json\/wp\/v2\/media?parent=169671"}],"wp:term":[{"taxonomy":"category","embeddable":true,"href":"https:\/\/www.caririemacao.com\/1\/wp-json\/wp\/v2\/categories?post=169671"},{"taxonomy":"post_tag","embeddable":true,"href":"https:\/\/www.caririemacao.com\/1\/wp-json\/wp\/v2\/tags?post=169671"}],"curies":[{"name":"wp","href":"https:\/\/api.w.org\/{rel}","templated":true}]}}