{"id":169674,"date":"2020-05-15T12:30:12","date_gmt":"2020-05-15T15:30:12","guid":{"rendered":"https:\/\/www.caririemacao.com\/1\/?p=169674"},"modified":"2020-05-15T12:30:12","modified_gmt":"2020-05-15T15:30:12","slug":"apos-divergencias-com-bolsonaro-ministro-da-saude-pede-demissao-do-cargo","status":"publish","type":"post","link":"https:\/\/www.caririemacao.com\/1\/2020\/05\/15\/apos-divergencias-com-bolsonaro-ministro-da-saude-pede-demissao-do-cargo\/","title":{"rendered":"Ap\u00f3s diverg\u00eancias com Bolsonaro, ministro da Sa\u00fade pede demiss\u00e3o do cargo"},"content":{"rendered":"\n<p>Menos de um m\u00eas depois de assumir o comando do Minist\u00e9rio da Sa\u00fade, ap\u00f3s a sa\u00edda de Henrique Mandetta, o m\u00e9dico Nelson Teich pediu demiss\u00e3o do cargo nesta sexta-feira (15).O pedido de demiss\u00e3o foi confirmado em nota pelo pr\u00f3prio Minist\u00e9rio da Sa\u00fade.<\/p>\n\n\n\n<p><\/p>\n\n\n\n<p><img decoding=\"async\" data-srcset=\"https:\/\/paraibaonline.com.br\/wp-content\/uploads\/2020\/04\/nelson-teich-556x417.jpg 556w, https:\/\/paraibaonline.com.br\/wp-content\/uploads\/2020\/04\/nelson-teich.jpg 800w\" data-src=\"https:\/\/paraibaonline.com.br\/wp-content\/uploads\/2020\/04\/nelson-teich-556x417.jpg\" alt=\"Foto: Marcello Casal Jr\/Ag\u00eancia Brasil\" src=\"data:image\/svg+xml;base64,PHN2ZyB3aWR0aD0iMSIgaGVpZ2h0PSIxIiB4bWxucz0iaHR0cDovL3d3dy53My5vcmcvMjAwMC9zdmciPjwvc3ZnPg==\" class=\"lazyload\" style=\"--smush-placeholder-width: 556px; --smush-placeholder-aspect-ratio: 556\/417;\"><\/p>\n\n\n\n<p><\/p>\n\n\n\n<p>Assim como Henrique Mandetta, Teich tamb\u00e9m apresentou diverg\u00eancias com o presidente Jair Bolsonaro sobre assuntos relacionados ao combate do coronav\u00edrus no pa\u00eds, o que provavelmente motivou o seu pedido de demiss\u00e3o.Mais informativos em instantes.<\/p>\n","protected":false},"excerpt":{"rendered":"<p>Menos de um m\u00eas depois de assumir o comando do Minist\u00e9rio da Sa\u00fade, ap\u00f3s a sa\u00edda de Henrique Mandetta, o m\u00e9dico Nelson Teich pediu demiss\u00e3o&hellip; <\/p>\n","protected":false},"author":2,"featured_media":169676,"comment_status":"closed","ping_status":"closed","sticky":false,"template":"","format":"standard","meta":{"sfsi_plus_gutenberg_text_before_share":"","sfsi_plus_gutenberg_show_text_before_share":"","sfsi_plus_gutenberg_icon_type":"","sfsi_plus_gutenberg_icon_alignemt":"","sfsi_plus_gutenburg_max_per_row":"","footnotes":""},"categories":[11],"tags":[],"class_list":["post-169674","post","type-post","status-publish","format-standard","has-post-thumbnail","hentry","category-politica"],"_links":{"self":[{"href":"https:\/\/www.caririemacao.com\/1\/wp-json\/wp\/v2\/posts\/169674","targetHints":{"allow":["GET"]}}],"collection":[{"href":"https:\/\/www.caririemacao.com\/1\/wp-json\/wp\/v2\/posts"}],"about":[{"href":"https:\/\/www.caririemacao.com\/1\/wp-json\/wp\/v2\/types\/post"}],"author":[{"embeddable":true,"href":"https:\/\/www.caririemacao.com\/1\/wp-json\/wp\/v2\/users\/2"}],"replies":[{"embeddable":true,"href":"https:\/\/www.caririemacao.com\/1\/wp-json\/wp\/v2\/comments?post=169674"}],"version-history":[{"count":2,"href":"https:\/\/www.caririemacao.com\/1\/wp-json\/wp\/v2\/posts\/169674\/revisions"}],"predecessor-version":[{"id":169677,"href":"https:\/\/www.caririemacao.com\/1\/wp-json\/wp\/v2\/posts\/169674\/revisions\/169677"}],"wp:featuredmedia":[{"embeddable":true,"href":"https:\/\/www.caririemacao.com\/1\/wp-json\/wp\/v2\/media\/169676"}],"wp:attachment":[{"href":"https:\/\/www.caririemacao.com\/1\/wp-json\/wp\/v2\/media?parent=169674"}],"wp:term":[{"taxonomy":"category","embeddable":true,"href":"https:\/\/www.caririemacao.com\/1\/wp-json\/wp\/v2\/categories?post=169674"},{"taxonomy":"post_tag","embeddable":true,"href":"https:\/\/www.caririemacao.com\/1\/wp-json\/wp\/v2\/tags?post=169674"}],"curies":[{"name":"wp","href":"https:\/\/api.w.org\/{rel}","templated":true}]}}