{"id":169679,"date":"2020-05-15T13:59:51","date_gmt":"2020-05-15T16:59:51","guid":{"rendered":"https:\/\/www.caririemacao.com\/1\/?p=169679"},"modified":"2020-05-15T13:59:51","modified_gmt":"2020-05-15T16:59:51","slug":"desemprego-aumentou-em-12-estados-com-avanco-do-coronavirus","status":"publish","type":"post","link":"https:\/\/www.caririemacao.com\/1\/2020\/05\/15\/desemprego-aumentou-em-12-estados-com-avanco-do-coronavirus\/","title":{"rendered":"Desemprego aumentou em 12 estados com avan\u00e7o do coronav\u00edrus"},"content":{"rendered":"\n<h1 class=\"wp-block-heading\"><\/h1>\n\n\n\n<p>Nas outras 15 unidades da federa\u00e7\u00e3o, a taxa de desocupa\u00e7\u00e3o permaneceu est\u00e1vel na compara\u00e7\u00e3o com o \u00faltimo trimestre de 2019.<\/p>\n\n\n\n<p>O Brasil terminou o primeiro trimestre deste ano com 1,218 milh\u00e3o de pessoas a mais na fila do desemprego. Com o avan\u00e7o no n\u00famero de desempregados, a taxa de desocupa\u00e7\u00e3o avan\u00e7ou para 12,2%.<\/p>\n\n\n\n<p>A popula\u00e7\u00e3o desocupada foi de 11,632 milh\u00f5es, no \u00faltimo trimestre de 2019, para 12,850 milh\u00f5es nos tr\u00eas meses de 2020, segundo a Pnad (Pesquisa Nacional por Amostra de Domic\u00edlios), do IBGE. A alta no per\u00edodo foi de 10,5%.<\/p>\n\n\n\n<p>O primeiro caso conhecido de Covid-19 no Brasil ocorreu em 25 de fevereiro. No m\u00eas seguinte, o pa\u00eds come\u00e7ou a sentir os efeitos econ\u00f4micos do novo coronav\u00edrus, com decreto de quarentena em estados e munic\u00edpios, o que causou o fechamento de bares, restaurantes e com\u00e9rcio como forma de evitar o avan\u00e7o da pandemia.<\/p>\n\n\n\n<p>Desde ent\u00e3o, as maiores altas no desemprego foram observadas no Maranh\u00e3o, que subiu 3,9 pontos percentuais, no Alagoas, com 2,9 ponto percentual a mais que no trimestre anterior, e no Rio Grande do Norte, com alta de 2,7 ponto percentual. As maiores taxas foram observadas na Bahia (18,7%), Amap\u00e1 (17,2%), Alagoas e Roraima (16,5%),<\/p>\n\n\n\n<p>Segundo o IBGE, o desemprego avan\u00e7ou em diversos segmentos da sociedade no trimestre encerrado em mar\u00e7o de 2020. Entre as pessoas que se declararam pretas e pardas, a taxa passou de 13,5% e 12,6%, no quarto trimestre do ano passado, para, respectivamente, 15,2% e 14%. J\u00e1 entre as brancas subiu de 8,7% para 9,8%.<\/p>\n\n\n\n<p>Entre os jovens de 18 a 24 anos de idade, o desemprego passou de 23,8%, no \u00faltimo trimestre de 2019, para 27,1% no trimestre encerrado em mar\u00e7o.<\/p>\n","protected":false},"excerpt":{"rendered":"<p>Nas outras 15 unidades da federa\u00e7\u00e3o, a taxa de desocupa\u00e7\u00e3o permaneceu est\u00e1vel na compara\u00e7\u00e3o com o \u00faltimo trimestre de 2019. O Brasil terminou o primeiro&hellip; <\/p>\n","protected":false},"author":2,"featured_media":169680,"comment_status":"closed","ping_status":"closed","sticky":false,"template":"","format":"standard","meta":{"sfsi_plus_gutenberg_text_before_share":"","sfsi_plus_gutenberg_show_text_before_share":"","sfsi_plus_gutenberg_icon_type":"","sfsi_plus_gutenberg_icon_alignemt":"","sfsi_plus_gutenburg_max_per_row":"","footnotes":""},"categories":[2],"tags":[],"class_list":["post-169679","post","type-post","status-publish","format-standard","has-post-thumbnail","hentry","category-geral"],"_links":{"self":[{"href":"https:\/\/www.caririemacao.com\/1\/wp-json\/wp\/v2\/posts\/169679","targetHints":{"allow":["GET"]}}],"collection":[{"href":"https:\/\/www.caririemacao.com\/1\/wp-json\/wp\/v2\/posts"}],"about":[{"href":"https:\/\/www.caririemacao.com\/1\/wp-json\/wp\/v2\/types\/post"}],"author":[{"embeddable":true,"href":"https:\/\/www.caririemacao.com\/1\/wp-json\/wp\/v2\/users\/2"}],"replies":[{"embeddable":true,"href":"https:\/\/www.caririemacao.com\/1\/wp-json\/wp\/v2\/comments?post=169679"}],"version-history":[{"count":1,"href":"https:\/\/www.caririemacao.com\/1\/wp-json\/wp\/v2\/posts\/169679\/revisions"}],"predecessor-version":[{"id":169681,"href":"https:\/\/www.caririemacao.com\/1\/wp-json\/wp\/v2\/posts\/169679\/revisions\/169681"}],"wp:featuredmedia":[{"embeddable":true,"href":"https:\/\/www.caririemacao.com\/1\/wp-json\/wp\/v2\/media\/169680"}],"wp:attachment":[{"href":"https:\/\/www.caririemacao.com\/1\/wp-json\/wp\/v2\/media?parent=169679"}],"wp:term":[{"taxonomy":"category","embeddable":true,"href":"https:\/\/www.caririemacao.com\/1\/wp-json\/wp\/v2\/categories?post=169679"},{"taxonomy":"post_tag","embeddable":true,"href":"https:\/\/www.caririemacao.com\/1\/wp-json\/wp\/v2\/tags?post=169679"}],"curies":[{"name":"wp","href":"https:\/\/api.w.org\/{rel}","templated":true}]}}