{"id":169683,"date":"2020-05-15T14:02:21","date_gmt":"2020-05-15T17:02:21","guid":{"rendered":"https:\/\/www.caririemacao.com\/1\/?p=169683"},"modified":"2020-05-15T14:02:21","modified_gmt":"2020-05-15T17:02:21","slug":"bolsonaro-no-video-nao-vou-esperar-f-minha-familia-toda-de-sacanagem","status":"publish","type":"post","link":"https:\/\/www.caririemacao.com\/1\/2020\/05\/15\/bolsonaro-no-video-nao-vou-esperar-f-minha-familia-toda-de-sacanagem\/","title":{"rendered":"Bolsonaro no v\u00eddeo: \u201cN\u00e3o vou esperar f. minha fam\u00edlia toda de sacanagem\u201d"},"content":{"rendered":"\n<h1 class=\"wp-block-heading\"><\/h1>\n\n\n\n<p>\u201cJ\u00e1 tentei trocar gente da seguran\u00e7a nossa no Rio de Janeiro oficialmente e n\u00e3o consegui. Isso acabou. Eu n\u00e3o vou esperar f. minha fam\u00edlia toda de sacanagem, ou amigo meu, porque eu n\u00e3o posso trocar algu\u00e9m da seguran\u00e7a da ponta de linha que pertence \u00e0 estrutura. Vai trocar; se n\u00e3o puder trocar, troca o chefe dele; n\u00e3o pode trocar o chefe, troca o ministro. E ponto final. N\u00e3o estamos aqui para brincadeira\u201d, disse.<\/p>\n\n\n\n<p>A transcri\u00e7\u00e3o foi entregue nesta quinta-feira (14) pela AGU ao STF (Supremo Tribunal Federal). Ela \u00e9 parte do inqu\u00e9rito que tramita na corte sobre as acusa\u00e7\u00f5es de tentativa de interfer\u00eancia na Pol\u00edcia Federal que o ex-ministro Sergio Moro fez contra Bolsonaro ao pedir demiss\u00e3o do governo.<\/p>\n\n\n\n<p>Ao contr\u00e1rio do que Bolsonaro declarou nos \u00faltimos dias, ele tamb\u00e9m mencionou o nome da PF na reuni\u00e3o, conforme a transcri\u00e7\u00e3o enviada pela AGU.<\/p>\n\n\n\n<p>Ap\u00f3s se queixar de n\u00e3o estar recebendo informa\u00e7\u00f5es da PF e de outros \u00f3rg\u00e3os de seguran\u00e7a, Bolsonaro afirma: \u201cE me desculpe o servi\u00e7o de informa\u00e7\u00e3o nosso -todos- \u00e9 uma vergonha, uma vergonha, que eu n\u00e3o sou informado, e n\u00e3o d\u00e1 para trabalhar assim, fica dif\u00edcil. Por isso, vou interferir. Ponto final. N\u00e3o \u00e9 amea\u00e7a, n\u00e3o \u00e9 extrapola\u00e7\u00e3o da minha parte\u201d.<\/p>\n\n\n\n<p>O \u00f3rg\u00e3o do governo apenas destacou trechos da reuni\u00e3o que diz ter rela\u00e7\u00e3o com o inqu\u00e9rito que apura as acusa\u00e7\u00f5es de Moro de que o presidente interferiu na Pol\u00edcia Federal.<\/p>\n\n\n\n<p>O argumento da AGU \u00e9 que Bolsonaro se referia \u00e0 seguran\u00e7a pessoal dele e de familiares, sem rela\u00e7\u00e3o com a atua\u00e7\u00e3o da PF.<\/p>\n\n\n\n<p>O chefe do Executivo diz, segundo a transcri\u00e7\u00e3o, que n\u00e3o pode ser \u201csurpreendido com not\u00edcias\u201d e se queixa de \u00f3rg\u00e3os vinculados \u00e0 seguran\u00e7a do pa\u00eds.<\/p>\n\n\n\n<p>\u201cP\u00f4, eu tenho a PF que n\u00e3o me d\u00e1 informa\u00e7\u00f5es; eu tenho a intelig\u00eancia das For\u00e7as Armadas que n\u00e3o tem informa\u00e7\u00f5es; a ABIN tem os seus problemas, tem algumas informa\u00e7\u00f5es, s\u00f3 n\u00e3o tem mais porque t\u00e1 faltando realmente temos problemas aparelhamento etc. A gente n\u00e3o pode viver sem informa\u00e7\u00e3o\u201d, disse.<\/p>\n\n\n\n<p>Ao reclamar da falta de informa\u00e7\u00f5es a que tem acesso, o presidente Jair Bolsonaro afirmou que iria interferir em diversos \u00f3rg\u00e3os, mas garantiu que n\u00e3o estava extrapolando nem se tratava de uma \u201camea\u00e7a\u201d. \u201c\u00c9 uma verdade\u201d, afirmou.<\/p>\n\n\n\n<p>Veja a declara\u00e7\u00e3o do presidente na reuni\u00e3o, segundo a AGU:<br>\u201cEu n\u00e3o posso ser surpreendido com not\u00edcias. P\u00f4, eu tenho a PF que n\u00e3o me d\u00e1 informa\u00e7\u00f5es; eu tenho a intelig\u00eancia das For\u00e7as Armadas que n\u00e3o t\u00eam informa\u00e7\u00f5es; a ABIN tem os seus problemas, tem algumas informa\u00e7\u00f5es, s\u00f3 n\u00e3o tem mais porque t\u00e1 faltando realmente temos problemas aparelhamento etc. A gente n\u00e3o pode viver sem informa\u00e7\u00e3o. Quem \u00e9 que nunca ficou atr\u00e1s da da da porta ouvindo o que seu filho ou sua filha t\u00e1 comentando? Tem que ver para depois depois que ela engravida n\u00e3o adianta falar com ela mais. Tem que ver antes. Depois que o moleque encheu os cornos de droga, n\u00e3o adianta mais falar com ele: j\u00e1 era. E informa\u00e7\u00e3o \u00e9 assim. [refer\u00eancia a Na\u00e7\u00f5es amigas] Ent\u00e3o essa \u00e9 a preocupa\u00e7\u00e3o que temos que ter: \u201ca quest\u00e3o estrat\u00e9gia\u201d. E n\u00e3o estamos tendo. E me desculpe o servi\u00e7o de informa\u00e7\u00e3o nosso -todos- \u00e9 uma vergonha, uma vergonha, que eu n\u00e3o sou informado, e n\u00e3o d\u00e1 para trabalhar assim, fica dif\u00edcil. Por isso, vou interferir. Ponto final. N\u00e3o \u00e9 amea\u00e7a, n\u00e3o \u00e9 extrapola\u00e7\u00e3o da minha parte. \u00c9 uma verdade\u201d.<\/p>\n","protected":false},"excerpt":{"rendered":"<p>\u201cJ\u00e1 tentei trocar gente da seguran\u00e7a nossa no Rio de Janeiro oficialmente e n\u00e3o consegui. Isso acabou. Eu n\u00e3o vou esperar f. minha fam\u00edlia toda&hellip; <\/p>\n","protected":false},"author":2,"featured_media":169684,"comment_status":"closed","ping_status":"closed","sticky":false,"template":"","format":"standard","meta":{"sfsi_plus_gutenberg_text_before_share":"","sfsi_plus_gutenberg_show_text_before_share":"","sfsi_plus_gutenberg_icon_type":"","sfsi_plus_gutenberg_icon_alignemt":"","sfsi_plus_gutenburg_max_per_row":"","footnotes":""},"categories":[2],"tags":[],"class_list":["post-169683","post","type-post","status-publish","format-standard","has-post-thumbnail","hentry","category-geral"],"_links":{"self":[{"href":"https:\/\/www.caririemacao.com\/1\/wp-json\/wp\/v2\/posts\/169683","targetHints":{"allow":["GET"]}}],"collection":[{"href":"https:\/\/www.caririemacao.com\/1\/wp-json\/wp\/v2\/posts"}],"about":[{"href":"https:\/\/www.caririemacao.com\/1\/wp-json\/wp\/v2\/types\/post"}],"author":[{"embeddable":true,"href":"https:\/\/www.caririemacao.com\/1\/wp-json\/wp\/v2\/users\/2"}],"replies":[{"embeddable":true,"href":"https:\/\/www.caririemacao.com\/1\/wp-json\/wp\/v2\/comments?post=169683"}],"version-history":[{"count":1,"href":"https:\/\/www.caririemacao.com\/1\/wp-json\/wp\/v2\/posts\/169683\/revisions"}],"predecessor-version":[{"id":169685,"href":"https:\/\/www.caririemacao.com\/1\/wp-json\/wp\/v2\/posts\/169683\/revisions\/169685"}],"wp:featuredmedia":[{"embeddable":true,"href":"https:\/\/www.caririemacao.com\/1\/wp-json\/wp\/v2\/media\/169684"}],"wp:attachment":[{"href":"https:\/\/www.caririemacao.com\/1\/wp-json\/wp\/v2\/media?parent=169683"}],"wp:term":[{"taxonomy":"category","embeddable":true,"href":"https:\/\/www.caririemacao.com\/1\/wp-json\/wp\/v2\/categories?post=169683"},{"taxonomy":"post_tag","embeddable":true,"href":"https:\/\/www.caririemacao.com\/1\/wp-json\/wp\/v2\/tags?post=169683"}],"curies":[{"name":"wp","href":"https:\/\/api.w.org\/{rel}","templated":true}]}}