{"id":169691,"date":"2020-05-15T14:13:58","date_gmt":"2020-05-15T17:13:58","guid":{"rendered":"https:\/\/www.caririemacao.com\/1\/?p=169691"},"modified":"2020-05-15T14:13:58","modified_gmt":"2020-05-15T17:13:58","slug":"bolsonaro-sanciona-lei-que-permite-suspender-pagamento-de-parcelas-do-fies","status":"publish","type":"post","link":"https:\/\/www.caririemacao.com\/1\/2020\/05\/15\/bolsonaro-sanciona-lei-que-permite-suspender-pagamento-de-parcelas-do-fies\/","title":{"rendered":"Bolsonaro sanciona lei que permite suspender pagamento de parcelas do Fies"},"content":{"rendered":"\n<h1 class=\"wp-block-heading\"><\/h1>\n\n\n\n<p>O presidente Jair Bolsonaro (sem partido) sancionou a Lei que permite a suspens\u00e3o do pagamento de parcelas do Fies (Fundo de Financiamento Estudantil) durante o per\u00edodo de pandemia do coronav\u00edrus. A informa\u00e7\u00e3o \u00e9 da UOL.<\/p>\n\n\n\n<p>O texto foi publicado na edi\u00e7\u00e3o de hoje no Di\u00e1rio Oficial da Uni\u00e3o&nbsp;<a href=\"https:\/\/www.clickpb.com.br\/economia\/governo-publica-calendario-da-2-parcela-do-auxilio-emergencial-284001.html\">junto com a amplia\u00e7\u00e3o dos benefici\u00e1rios do aux\u00edlio emergencial<\/a>. A lei j\u00e1 est\u00e1 em vigor.<\/p>\n\n\n\n<p>Pela lei, poder\u00e3o suspender o pagamento os graduandos ou formados que estiverem em dia com as parcelas antes da vig\u00eancia do estado de calamidade p\u00fablica no pa\u00eds, decretado em 20 de mar\u00e7o.&nbsp;<\/p>\n\n\n\n<p>O per\u00edodo de suspens\u00e3o poder\u00e1 ser de duas parcelas, para os contratos em fase de utiliza\u00e7\u00e3o ou car\u00eancia, ou quatro, para os contratos em fase de amortiza\u00e7\u00e3o.&nbsp;<br>Esses prazos poder\u00e3o ser prorrogados pelo governo posteriormente.<\/p>\n","protected":false},"excerpt":{"rendered":"<p>O presidente Jair Bolsonaro (sem partido) sancionou a Lei que permite a suspens\u00e3o do pagamento de parcelas do Fies (Fundo de Financiamento Estudantil) durante o&hellip; <\/p>\n","protected":false},"author":2,"featured_media":169692,"comment_status":"closed","ping_status":"closed","sticky":false,"template":"","format":"standard","meta":{"sfsi_plus_gutenberg_text_before_share":"","sfsi_plus_gutenberg_show_text_before_share":"","sfsi_plus_gutenberg_icon_type":"","sfsi_plus_gutenberg_icon_alignemt":"","sfsi_plus_gutenburg_max_per_row":"","footnotes":""},"categories":[11],"tags":[],"class_list":["post-169691","post","type-post","status-publish","format-standard","has-post-thumbnail","hentry","category-politica"],"_links":{"self":[{"href":"https:\/\/www.caririemacao.com\/1\/wp-json\/wp\/v2\/posts\/169691","targetHints":{"allow":["GET"]}}],"collection":[{"href":"https:\/\/www.caririemacao.com\/1\/wp-json\/wp\/v2\/posts"}],"about":[{"href":"https:\/\/www.caririemacao.com\/1\/wp-json\/wp\/v2\/types\/post"}],"author":[{"embeddable":true,"href":"https:\/\/www.caririemacao.com\/1\/wp-json\/wp\/v2\/users\/2"}],"replies":[{"embeddable":true,"href":"https:\/\/www.caririemacao.com\/1\/wp-json\/wp\/v2\/comments?post=169691"}],"version-history":[{"count":1,"href":"https:\/\/www.caririemacao.com\/1\/wp-json\/wp\/v2\/posts\/169691\/revisions"}],"predecessor-version":[{"id":169693,"href":"https:\/\/www.caririemacao.com\/1\/wp-json\/wp\/v2\/posts\/169691\/revisions\/169693"}],"wp:featuredmedia":[{"embeddable":true,"href":"https:\/\/www.caririemacao.com\/1\/wp-json\/wp\/v2\/media\/169692"}],"wp:attachment":[{"href":"https:\/\/www.caririemacao.com\/1\/wp-json\/wp\/v2\/media?parent=169691"}],"wp:term":[{"taxonomy":"category","embeddable":true,"href":"https:\/\/www.caririemacao.com\/1\/wp-json\/wp\/v2\/categories?post=169691"},{"taxonomy":"post_tag","embeddable":true,"href":"https:\/\/www.caririemacao.com\/1\/wp-json\/wp\/v2\/tags?post=169691"}],"curies":[{"name":"wp","href":"https:\/\/api.w.org\/{rel}","templated":true}]}}