{"id":169695,"date":"2020-05-15T14:18:30","date_gmt":"2020-05-15T17:18:30","guid":{"rendered":"https:\/\/www.caririemacao.com\/1\/?p=169695"},"modified":"2020-05-15T14:18:30","modified_gmt":"2020-05-15T17:18:30","slug":"eleicoes-2020-pre-candidatos-ja-podem-arrecadar-recursos-por-meio-de-financiamento-coletivo","status":"publish","type":"post","link":"https:\/\/www.caririemacao.com\/1\/2020\/05\/15\/eleicoes-2020-pre-candidatos-ja-podem-arrecadar-recursos-por-meio-de-financiamento-coletivo\/","title":{"rendered":"Elei\u00e7\u00f5es 2020: pr\u00e9-candidatos j\u00e1 podem arrecadar recursos por meio de financiamento coletivo"},"content":{"rendered":"\n<h1 class=\"wp-block-heading\"><\/h1>\n\n\n\n<p>A partir desta sexta-feira (15), os pr\u00e9-candidatos das Elei\u00e7\u00f5es Municipais de 2020 j\u00e1 podem iniciar a arrecada\u00e7\u00e3o de recursos para a sua pr\u00e9-campanha por meio de financiamento coletivo pela internet. De acordo com a Lei n\u00ba 9.504\/1997 (Lei das Elei\u00e7\u00f5es), os pretensos concorrentes somente podem contratar as empresas de financiamento coletivo que estejam cadastradas na Justi\u00e7a Eleitoral. A&nbsp;<a href=\"http:\/\/financiamentocoletivo.tse.jus.br\/fcc.web\/#!\/publico\/lista-empresa\">lista de institui\u00e7\u00f5es credenciadas<\/a>&nbsp;pode ser consultada no Portal do TSE.<\/p>\n\n\n\n<p>Os recursos arrecadados na fase de pr\u00e9-campanha somente ser\u00e3o disponibilizados ao candidato ap\u00f3s o seu registro de candidatura na Justi\u00e7a Eleitoral, a obten\u00e7\u00e3o do CNPJ da campanha e a abertura de conta banc\u00e1ria espec\u00edfica.<\/p>\n\n\n\n<p>Na hip\u00f3tese de o pr\u00e9-candidato n\u00e3o solicitar o seu registro de candidatura, as doa\u00e7\u00f5es recebidas durante o per\u00edodo de pr\u00e9-campanha devem ser devolvidas pela empresa arrecadadora diretamente aos respectivos doadores.<\/p>\n\n\n\n<p><strong>Empresas cadastradas<\/strong><\/p>\n\n\n\n<p>As institui\u00e7\u00f5es interessadas podem, a qualquer tempo, at\u00e9 a realiza\u00e7\u00e3o das elei\u00e7\u00f5es deste ano, solicitar sua habilita\u00e7\u00e3o ao TSE. A autoriza\u00e7\u00e3o do TSE, contudo, n\u00e3o confere \u00e0s empresas chancela quanto \u00e0 idoneidade e \u00e0 adequa\u00e7\u00e3o de procedimentos e sistemas por elas utilizados na capta\u00e7\u00e3o de doa\u00e7\u00f5es para campanhas.<\/p>\n\n\n\n<p>Confira as orienta\u00e7\u00f5es e requisitos que devem ser atendidos pelas empresas interessadas em se cadastrar para promover o financiamento coletivo pela internet.<\/p>\n","protected":false},"excerpt":{"rendered":"<p>A partir desta sexta-feira (15), os pr\u00e9-candidatos das Elei\u00e7\u00f5es Municipais de 2020 j\u00e1 podem iniciar a arrecada\u00e7\u00e3o de recursos para a sua pr\u00e9-campanha por meio&hellip; <\/p>\n","protected":false},"author":2,"featured_media":169696,"comment_status":"closed","ping_status":"closed","sticky":false,"template":"","format":"standard","meta":{"sfsi_plus_gutenberg_text_before_share":"","sfsi_plus_gutenberg_show_text_before_share":"","sfsi_plus_gutenberg_icon_type":"","sfsi_plus_gutenberg_icon_alignemt":"","sfsi_plus_gutenburg_max_per_row":"","footnotes":""},"categories":[2],"tags":[],"class_list":["post-169695","post","type-post","status-publish","format-standard","has-post-thumbnail","hentry","category-geral"],"_links":{"self":[{"href":"https:\/\/www.caririemacao.com\/1\/wp-json\/wp\/v2\/posts\/169695","targetHints":{"allow":["GET"]}}],"collection":[{"href":"https:\/\/www.caririemacao.com\/1\/wp-json\/wp\/v2\/posts"}],"about":[{"href":"https:\/\/www.caririemacao.com\/1\/wp-json\/wp\/v2\/types\/post"}],"author":[{"embeddable":true,"href":"https:\/\/www.caririemacao.com\/1\/wp-json\/wp\/v2\/users\/2"}],"replies":[{"embeddable":true,"href":"https:\/\/www.caririemacao.com\/1\/wp-json\/wp\/v2\/comments?post=169695"}],"version-history":[{"count":1,"href":"https:\/\/www.caririemacao.com\/1\/wp-json\/wp\/v2\/posts\/169695\/revisions"}],"predecessor-version":[{"id":169697,"href":"https:\/\/www.caririemacao.com\/1\/wp-json\/wp\/v2\/posts\/169695\/revisions\/169697"}],"wp:featuredmedia":[{"embeddable":true,"href":"https:\/\/www.caririemacao.com\/1\/wp-json\/wp\/v2\/media\/169696"}],"wp:attachment":[{"href":"https:\/\/www.caririemacao.com\/1\/wp-json\/wp\/v2\/media?parent=169695"}],"wp:term":[{"taxonomy":"category","embeddable":true,"href":"https:\/\/www.caririemacao.com\/1\/wp-json\/wp\/v2\/categories?post=169695"},{"taxonomy":"post_tag","embeddable":true,"href":"https:\/\/www.caririemacao.com\/1\/wp-json\/wp\/v2\/tags?post=169695"}],"curies":[{"name":"wp","href":"https:\/\/api.w.org\/{rel}","templated":true}]}}