{"id":169699,"date":"2020-05-15T14:23:23","date_gmt":"2020-05-15T17:23:23","guid":{"rendered":"https:\/\/www.caririemacao.com\/1\/?p=169699"},"modified":"2020-05-15T14:23:23","modified_gmt":"2020-05-15T17:23:23","slug":"bolsonaro-admite-que-falou-pf-na-reuniao-e-que-interferencia-visou-a-seguranca-familiar","status":"publish","type":"post","link":"https:\/\/www.caririemacao.com\/1\/2020\/05\/15\/bolsonaro-admite-que-falou-pf-na-reuniao-e-que-interferencia-visou-a-seguranca-familiar\/","title":{"rendered":"Bolsonaro admite que falou &#8216;PF&#8217; na reuni\u00e3o e que &#8216;interfer\u00eancia&#8217; visou a seguran\u00e7a familiar"},"content":{"rendered":"\n<h1 class=\"wp-block-heading\"><\/h1>\n\n\n\n<p>O presidente Jair Bolsonaro admitiu nesta sexta-feira (15) que falou a palavra &#8220;PF&#8221; na reuni\u00e3o ministerial do dia 22 de abril. Ele ressaltou, no entanto, que se posicionou para interferir em assuntos de seguran\u00e7a f\u00edsica de sua fam\u00edlia, e n\u00e3o em temas de intelig\u00eancia e investiga\u00e7\u00f5es dentro da corpora\u00e7\u00e3o.<\/p>\n\n\n\n<p>No in\u00edcio da semana, Bolsonaro havia dito que n\u00e3o mencionou o termo &#8220;Pol\u00edcia Federal&#8221; durante a reuni\u00e3o. O encontro ministerial \u00e9 alvo de inqu\u00e9rito aberto no Supremo Tribunal Federal (STF) para investigar den\u00fancias do ex-ministro Sergio Moro de que Bolsonaro tenta interferir politicamente na PF.<\/p>\n\n\n\n<p>O relator do caso, ministro Celso de Mello, vai decidir se torna p\u00fablico o inteiro teor do v\u00eddeo.Nesta quinta (14), a Advocacia-Geral da Uni\u00e3o divulgou a transcri\u00e7\u00e3o parcial da reuni\u00e3o, em que aparece o presidente falando &#8220;PF&#8221;. Bolsonaro reconheceu que o texto divulgado pela AGU corresponde \u00e0 realidade.<\/p>\n\n\n\n<p>Na sa\u00edda do Pal\u00e1cio da Alvorada, jornalistas questionaram Bolsonaro sobre a palavra &#8220;PF&#8221; ter aparecido na transcri\u00e7\u00e3o da AGU, contrariando a vers\u00e3o do presidente para a reuni\u00e3o.<\/p>\n\n\n\n<p>&#8220;Est\u00e1 a palavra PF, duas letras: PF&#8221;, respondeu o presidente.<\/p>\n\n\n\n<p>Diante de novas perguntas sobre o tema, Bolsonaro disse que quer que as falas dele no v\u00eddeo sejam divulgadas, para que seja feita a interpreta\u00e7\u00e3o &#8220;correta&#8221; sobre a reuni\u00e3o.<\/p>\n\n\n\n<p>&#8220;Eu espero que a fita se torne p\u00fablica, para que a an\u00e1lise correta venha a ser feita. A interfer\u00eancia n\u00e3o \u00e9 nesse contexto da intelig\u00eancia, n\u00e3o. \u00c9 na seguran\u00e7a familiar. \u00c9 bem claro&#8221;, afirmou o presidente.<\/p>\n\n\n\n<p>Bolsonaro defendeu que n\u00e3o sejam mostradas as partes em que ele fala sobre &#8220;quest\u00f5es que t\u00eam a ver com pol\u00edtica externa e seguran\u00e7a nacional&#8221;.<\/p>\n\n\n\n<p>Bolsonaro encerrou a entrevista quando a imprensa tentou question\u00e1-lo se o ministro Augusto Heleno (GSI) se recusou a fazer mudan\u00e7as na seguran\u00e7a do presidente. Cabe ao GSI a seguran\u00e7a de Bolsonaro e familiares.<\/p>\n\n\n\n<p>Na transcri\u00e7\u00e3o do v\u00eddeo da reuni\u00e3o, entregue pela AGU, Bolsonaro afirmou que tentou trocar \u201cgente da seguran\u00e7a nossa no Rio\u201d, mas sem sucesso. A transcri\u00e7\u00e3o mostra que Bolsonaro disse que, se n\u00e3o conseguisse realizar a mudan\u00e7a, demitira o ministro \u2013 a transcri\u00e7\u00e3o n\u00e3o cita Heleno ou Moro.<\/p>\n\n\n\n<p>\u201cEu n\u00e3o vou esperar f. minha fam\u00edlia toda de sacanagem, ou amigo meu, porque eu n\u00e3o posso trocar algu\u00e9m da seguran\u00e7a na ponta da linha que pertence \u00e0 estrutura. Vai trocar. Se n\u00e3o puder trocar, troca o chefe dele. Se n\u00e3o puder trocar o chefe. Troca o ministro. E ponto final. N\u00e3o estamos aqui para brincadeira (&#8230;)&#8221;, diz trecho da transcri\u00e7\u00e3o.<\/p>\n\n\n\n<p><strong>Trecho divulgado pela AGU<\/strong><br>Apesar de Bolsonaro afirmar que falou apenas de seguran\u00e7a familiar, a manifesta\u00e7\u00e3o da AGU entregue ao STF mostra o presidente reclamando da falta de informa\u00e7\u00f5es da PF e declarando que iria &#8220;interferir&#8221;. A declara\u00e7\u00e3o transcrita parcialmente pelo governo, no entanto, n\u00e3o deixa claro como ele faria isso.<\/p>\n\n\n\n<p>&#8220;E me desculpe o servi\u00e7o de informa\u00e7\u00e3o nosso, todos, \u00e9 uma vergonha, uma vergonha, que eu n\u00e3o sou informado, e n\u00e3o d\u00e1 para trabalhar assim, fica dif\u00edcil. Por isso, vou interferir. Ponto final. N\u00e3o \u00e9 amea\u00e7a, n\u00e3o \u00e9 extrapola\u00e7\u00e3o da minha parte. \u00c9 uma verdade\u201d, diz trecho da transcri\u00e7\u00e3o entregue pela AGU.<\/p>\n\n\n\n<p><strong>Negativas anteriores<\/strong><br>No in\u00edcio da semana, Bolsonaro disse na rampa do Pal\u00e1cio do Planalto que ele n\u00e3o falava as palavras &#8220;Pol\u00edcia Federal&#8221; na reuni\u00e3o.<\/p>\n\n\n\n<p>&#8220;Esse vazador est\u00e1 prestando desservi\u00e7o. N\u00e3o existe no v\u00eddeo a palavra &#8216;Pol\u00edcia Federal&#8217; nem &#8216;superintend\u00eancia&#8217;. N\u00e3o existem as palavras &#8216;superintendente&#8217; nem &#8216;Pol\u00edcia Federal'&#8221;, afirmou o presidente na ocasi\u00e3o.<\/p>\n\n\n\n<p>Depois, em depoimentos no inqu\u00e9rito, os ministros Luiz Eduardo Ramos (Secretaria de Governo) e Augusto Heleno (Gabinete de Seguran\u00e7a Institucional) disseram que Bolsonaro havia se referido \u00e0 PF na reuni\u00e3o. Comentando especificamente o depoimento de Ramos, Bolsonaro afirmou que o ministro se &#8220;equivocou&#8221;.<\/p>\n\n\n\n<p><strong>Entenda a import\u00e2ncia do v\u00eddeo<\/strong><br>A reuni\u00e3o que est\u00e1 gravada no referido v\u00eddeo foi citada em depoimento por Sergio Moro no contexto do inqu\u00e9rito que investiga a suposta interfer\u00eancia do presidente Jair Bolsonaro na Pol\u00edcia Federal. Na reuni\u00e3o, o presidente teria exigido a troca do superintendente da PF no Rio de Janeiro, a fim de evitar investiga\u00e7\u00e3o sobre familiares dele.<\/p>\n\n\n\n<p>O v\u00eddeo est\u00e1 sob sigilo desde que chegou ao STF, na sexta-feira (8) e j\u00e1 foi exibido em uma \u00fanica sess\u00e3o, reservada a investigadores e procuradores da Rep\u00fablica, al\u00e9m do proprio Sergio Moro e da Advocacia-Geral da Uni\u00e3o. Fontes que acompanharam a exibi\u00e7\u00e3o informaram que a grava\u00e7\u00e3o mostra Bolsonaro usando palavr\u00f5es e fazendo amea\u00e7as de demiss\u00e3o em defesa da troca no comando da PF no Rio de Janeiro.<\/p>\n","protected":false},"excerpt":{"rendered":"<p>O presidente Jair Bolsonaro admitiu nesta sexta-feira (15) que falou a palavra &#8220;PF&#8221; na reuni\u00e3o ministerial do dia 22 de abril. Ele ressaltou, no entanto,&hellip; <\/p>\n","protected":false},"author":2,"featured_media":169700,"comment_status":"closed","ping_status":"closed","sticky":false,"template":"","format":"standard","meta":{"sfsi_plus_gutenberg_text_before_share":"","sfsi_plus_gutenberg_show_text_before_share":"","sfsi_plus_gutenberg_icon_type":"","sfsi_plus_gutenberg_icon_alignemt":"","sfsi_plus_gutenburg_max_per_row":"","footnotes":""},"categories":[11],"tags":[],"class_list":["post-169699","post","type-post","status-publish","format-standard","has-post-thumbnail","hentry","category-politica"],"_links":{"self":[{"href":"https:\/\/www.caririemacao.com\/1\/wp-json\/wp\/v2\/posts\/169699","targetHints":{"allow":["GET"]}}],"collection":[{"href":"https:\/\/www.caririemacao.com\/1\/wp-json\/wp\/v2\/posts"}],"about":[{"href":"https:\/\/www.caririemacao.com\/1\/wp-json\/wp\/v2\/types\/post"}],"author":[{"embeddable":true,"href":"https:\/\/www.caririemacao.com\/1\/wp-json\/wp\/v2\/users\/2"}],"replies":[{"embeddable":true,"href":"https:\/\/www.caririemacao.com\/1\/wp-json\/wp\/v2\/comments?post=169699"}],"version-history":[{"count":1,"href":"https:\/\/www.caririemacao.com\/1\/wp-json\/wp\/v2\/posts\/169699\/revisions"}],"predecessor-version":[{"id":169701,"href":"https:\/\/www.caririemacao.com\/1\/wp-json\/wp\/v2\/posts\/169699\/revisions\/169701"}],"wp:featuredmedia":[{"embeddable":true,"href":"https:\/\/www.caririemacao.com\/1\/wp-json\/wp\/v2\/media\/169700"}],"wp:attachment":[{"href":"https:\/\/www.caririemacao.com\/1\/wp-json\/wp\/v2\/media?parent=169699"}],"wp:term":[{"taxonomy":"category","embeddable":true,"href":"https:\/\/www.caririemacao.com\/1\/wp-json\/wp\/v2\/categories?post=169699"},{"taxonomy":"post_tag","embeddable":true,"href":"https:\/\/www.caririemacao.com\/1\/wp-json\/wp\/v2\/tags?post=169699"}],"curies":[{"name":"wp","href":"https:\/\/api.w.org\/{rel}","templated":true}]}}