{"id":169707,"date":"2020-05-15T14:36:38","date_gmt":"2020-05-15T17:36:38","guid":{"rendered":"https:\/\/www.caririemacao.com\/1\/?p=169707"},"modified":"2020-05-15T14:36:38","modified_gmt":"2020-05-15T17:36:38","slug":"articulador-do-impeachment-da-ex-presidente-dilma-fhc-vira-alvo-de-bolsonaro-que-o-chama-de-ladrao","status":"publish","type":"post","link":"https:\/\/www.caririemacao.com\/1\/2020\/05\/15\/articulador-do-impeachment-da-ex-presidente-dilma-fhc-vira-alvo-de-bolsonaro-que-o-chama-de-ladrao\/","title":{"rendered":"Articulador do impeachment da ex-presidente Dilma, FHC vira alvo de Bolsonaro, que o chama de \u2018ladr\u00e3o\u2019"},"content":{"rendered":"\n<h3 class=\"wp-block-heading\"><\/h3>\n\n\n\n<hr class=\"wp-block-separator\"\/>\n\n\n\n<p>Em mais uma manh\u00e3 de f\u00faria, o presidente Jair Bolsonaro atacou o ex-presidente Fernando Henrique Cardoso (PSDB) em declara\u00e7\u00e3o a jornalistas em frente ao Pal\u00e1cio da Alvorada nesta sexta-feira (15) ao comentar o vazamento dos di\u00e1logos no v\u00eddeo da reuni\u00e3o ministerial do dia 22 de abril, onde diz que vai interferir na Pol\u00edcia Federal.<\/p>\n\n\n\n<p>Bolsonaro disse que quer que o v\u00eddeo seja exposto, mas ser\u00e1 criticado pelos palavr\u00f5es ditos durante a reuni\u00e3o, aproveitando a deixa para atacar o ex-presidente Fernando Henrique Cardoso, um dos articuladores do impeachment de Dilma Rousseff, em 2016.<\/p>\n\n\n\n<p>\u201cEu espero que tudo que falei na reuni\u00e3o de ministros seja exposto. A\u00ed v\u00e3o me criticar porque eu falei palavr\u00e3o. V\u00e3o dizer que um presidente que fala palavr\u00e3o n\u00e3o est\u00e1 a altura de ser presidente. Acho que est\u00e1 a altura um presidente que rouba. O que rouba e mete a m\u00e3o, esse est\u00e1 a altura, e fala bonito, fala manso, como o ex-presidente \u201cboca mole\u201d [FHC] a\u00ed, que continua falando besteira por a\u00ed\u201d, disse Bolsonaro.<\/p>\n\n\n\n<p>Em live promovida pela ONG Casa do Saber na \u00faltima ter\u00e7a-feira (13), FHC disse que Bolsonaro n\u00e3o est\u00e1 \u00e0 \u201caltura do cargo\u201d e que falta lideran\u00e7a no governo para enfrentar a pandemia do coronav\u00edrus.<\/p>\n","protected":false},"excerpt":{"rendered":"<p>Em mais uma manh\u00e3 de f\u00faria, o presidente Jair Bolsonaro atacou o ex-presidente Fernando Henrique Cardoso (PSDB) em declara\u00e7\u00e3o a jornalistas em frente ao Pal\u00e1cio&hellip; <\/p>\n","protected":false},"author":2,"featured_media":169708,"comment_status":"closed","ping_status":"closed","sticky":false,"template":"","format":"standard","meta":{"sfsi_plus_gutenberg_text_before_share":"","sfsi_plus_gutenberg_show_text_before_share":"","sfsi_plus_gutenberg_icon_type":"","sfsi_plus_gutenberg_icon_alignemt":"","sfsi_plus_gutenburg_max_per_row":"","footnotes":""},"categories":[2],"tags":[],"class_list":["post-169707","post","type-post","status-publish","format-standard","has-post-thumbnail","hentry","category-geral"],"_links":{"self":[{"href":"https:\/\/www.caririemacao.com\/1\/wp-json\/wp\/v2\/posts\/169707","targetHints":{"allow":["GET"]}}],"collection":[{"href":"https:\/\/www.caririemacao.com\/1\/wp-json\/wp\/v2\/posts"}],"about":[{"href":"https:\/\/www.caririemacao.com\/1\/wp-json\/wp\/v2\/types\/post"}],"author":[{"embeddable":true,"href":"https:\/\/www.caririemacao.com\/1\/wp-json\/wp\/v2\/users\/2"}],"replies":[{"embeddable":true,"href":"https:\/\/www.caririemacao.com\/1\/wp-json\/wp\/v2\/comments?post=169707"}],"version-history":[{"count":1,"href":"https:\/\/www.caririemacao.com\/1\/wp-json\/wp\/v2\/posts\/169707\/revisions"}],"predecessor-version":[{"id":169709,"href":"https:\/\/www.caririemacao.com\/1\/wp-json\/wp\/v2\/posts\/169707\/revisions\/169709"}],"wp:featuredmedia":[{"embeddable":true,"href":"https:\/\/www.caririemacao.com\/1\/wp-json\/wp\/v2\/media\/169708"}],"wp:attachment":[{"href":"https:\/\/www.caririemacao.com\/1\/wp-json\/wp\/v2\/media?parent=169707"}],"wp:term":[{"taxonomy":"category","embeddable":true,"href":"https:\/\/www.caririemacao.com\/1\/wp-json\/wp\/v2\/categories?post=169707"},{"taxonomy":"post_tag","embeddable":true,"href":"https:\/\/www.caririemacao.com\/1\/wp-json\/wp\/v2\/tags?post=169707"}],"curies":[{"name":"wp","href":"https:\/\/api.w.org\/{rel}","templated":true}]}}