{"id":169711,"date":"2020-05-15T14:51:03","date_gmt":"2020-05-15T17:51:03","guid":{"rendered":"https:\/\/www.caririemacao.com\/1\/?p=169711"},"modified":"2020-05-15T14:51:03","modified_gmt":"2020-05-15T17:51:03","slug":"prefeitura-de-monteiro-realiza-chamada-para-candidatos-aprovados-no-concurso-publico-de-2017","status":"publish","type":"post","link":"https:\/\/www.caririemacao.com\/1\/2020\/05\/15\/prefeitura-de-monteiro-realiza-chamada-para-candidatos-aprovados-no-concurso-publico-de-2017\/","title":{"rendered":"Prefeitura de Monteiro realiza chamada para candidatos aprovados no concurso p\u00fablico de 2017"},"content":{"rendered":"\n<p>A Prefeitura de Monteiro, por meio da Secretaria de Administra\u00e7\u00e3o, realizou na manh\u00e3 desta sexta-feira, 15, mais uma convoca\u00e7\u00e3o de classificados no concurso p\u00fablico N\u00b0 001\/2017.<\/p>\n\n\n\n<p>Nesta oportunidade foram convocados tr\u00eas candidatos para a vaga de vigia:<br>EVILASIO FERREIRA DE SOUZA<br>CLAUDIO FELIX MARTINS DOS SANTOS<br>ALDO L\u00cdDIO FERREIRA<\/p>\n\n\n\n<p>Com mais esta convoca\u00e7\u00e3o, a gest\u00e3o da prefeita Anna Lorena continua na hist\u00f3ria do munic\u00edpio como a administra\u00e7\u00e3o que mais convocou em concurso p\u00fablico.<\/p>\n\n\n\n<p>Os aprovados convocados devem comparecer a Secretaria de Administra\u00e7\u00e3o, no pr\u00e9dio da C\u00e2mara de Vereadores no prazo de 30 dias munidos dos documentos necess\u00e1rios. Os mesmos devem estar usando m\u00e1scaras de prote\u00e7\u00e3o.<\/p>\n\n\n\n<p>\u201cS\u00e3o mais tr\u00eas convocados que assumir\u00e3o suas vagas e temos a certeza da dedica\u00e7\u00e3o de todos os que tomar\u00e3o posse. Seguimos trabalhando para fazer de Monteiro uma cidade cada vez melhor. Melhor no servi\u00e7o, atendimento e todas as \u00e1reas necess\u00e1rias para o bem-estar da popula\u00e7\u00e3o&#8221;, afirma a gestora Anna Lorena.<\/p>\n\n\n\n<p>O edital de convoca\u00e7\u00e3o pode ser acessado no site oficial da Prefeitura de Monteiro no endere\u00e7o: https:\/\/www.monteiro.pb.gov.br\/portal\/legislacao\/edital\/edital-de-convocacao-0112020<\/p>\n","protected":false},"excerpt":{"rendered":"<p>A Prefeitura de Monteiro, por meio da Secretaria de Administra\u00e7\u00e3o, realizou na manh\u00e3 desta sexta-feira, 15, mais uma convoca\u00e7\u00e3o de classificados no concurso p\u00fablico N\u00b0&hellip; <\/p>\n","protected":false},"author":1,"featured_media":169712,"comment_status":"closed","ping_status":"closed","sticky":false,"template":"","format":"standard","meta":{"sfsi_plus_gutenberg_text_before_share":"","sfsi_plus_gutenberg_show_text_before_share":"","sfsi_plus_gutenberg_icon_type":"","sfsi_plus_gutenberg_icon_alignemt":"","sfsi_plus_gutenburg_max_per_row":"","footnotes":""},"categories":[6,50],"tags":[],"class_list":["post-169711","post","type-post","status-publish","format-standard","has-post-thumbnail","hentry","category-cidades","category-destaque"],"_links":{"self":[{"href":"https:\/\/www.caririemacao.com\/1\/wp-json\/wp\/v2\/posts\/169711","targetHints":{"allow":["GET"]}}],"collection":[{"href":"https:\/\/www.caririemacao.com\/1\/wp-json\/wp\/v2\/posts"}],"about":[{"href":"https:\/\/www.caririemacao.com\/1\/wp-json\/wp\/v2\/types\/post"}],"author":[{"embeddable":true,"href":"https:\/\/www.caririemacao.com\/1\/wp-json\/wp\/v2\/users\/1"}],"replies":[{"embeddable":true,"href":"https:\/\/www.caririemacao.com\/1\/wp-json\/wp\/v2\/comments?post=169711"}],"version-history":[{"count":1,"href":"https:\/\/www.caririemacao.com\/1\/wp-json\/wp\/v2\/posts\/169711\/revisions"}],"predecessor-version":[{"id":169713,"href":"https:\/\/www.caririemacao.com\/1\/wp-json\/wp\/v2\/posts\/169711\/revisions\/169713"}],"wp:featuredmedia":[{"embeddable":true,"href":"https:\/\/www.caririemacao.com\/1\/wp-json\/wp\/v2\/media\/169712"}],"wp:attachment":[{"href":"https:\/\/www.caririemacao.com\/1\/wp-json\/wp\/v2\/media?parent=169711"}],"wp:term":[{"taxonomy":"category","embeddable":true,"href":"https:\/\/www.caririemacao.com\/1\/wp-json\/wp\/v2\/categories?post=169711"},{"taxonomy":"post_tag","embeddable":true,"href":"https:\/\/www.caririemacao.com\/1\/wp-json\/wp\/v2\/tags?post=169711"}],"curies":[{"name":"wp","href":"https:\/\/api.w.org\/{rel}","templated":true}]}}