{"id":169714,"date":"2020-05-15T14:54:07","date_gmt":"2020-05-15T17:54:07","guid":{"rendered":"https:\/\/www.caririemacao.com\/1\/?p=169714"},"modified":"2020-05-15T14:54:07","modified_gmt":"2020-05-15T17:54:07","slug":"prefeitura-de-monteiro-realiza-acoes-alusivas-a-luta-contra-a-exploracao-de-menores","status":"publish","type":"post","link":"https:\/\/www.caririemacao.com\/1\/2020\/05\/15\/prefeitura-de-monteiro-realiza-acoes-alusivas-a-luta-contra-a-exploracao-de-menores\/","title":{"rendered":"Prefeitura de Monteiro realiza a\u00e7\u00f5es alusivas \u00e0 luta contra a explora\u00e7\u00e3o de menores"},"content":{"rendered":"\n<p>A popula\u00e7\u00e3o de Monteiro vem durante toda esta semana sendo alertada para a Campanha contra a Explora\u00e7\u00e3o Sexual de Crian\u00e7as e Adolescentes, que tem seu principal dia na pr\u00f3xima segunda-feira, 18 de maio.<\/p>\n\n\n\n<p>Programados desde o in\u00edcio do ano, os membros do Conselho Tutelar v\u00eam realizando visitas nas comunidades, creches, escolas rurais e urbanas, como acompanhamento inicial, pois conforme conta o conselheiro Lucas, \u201ca preven\u00e7\u00e3o se d\u00e1 pela informa\u00e7\u00e3o\u201d.<\/p>\n\n\n\n<p>Adequados \u00e0 pandemia, a equipe tamb\u00e9m est\u00e1 fazendo o uso das redes sociais como Facebook e Instagram, al\u00e9m de Whatsapp, com o intuito de dinamizar e chegar mais r\u00e1pido \u00e0 popula\u00e7\u00e3o.<\/p>\n\n\n\n<p>De acordo com o conselheiro Lucas, o trabalho de informa\u00e7\u00e3o \u00e9 de suma import\u00e2ncia tendo em vista que a maioria das den\u00fancias s\u00e3o de casos extremos.<\/p>\n\n\n\n<p>O trabalho de conscientiza\u00e7\u00e3o do Conselho Tutelar vem sendo realizado durante toda esta semana em parceria com a Secretaria de Desenvolvimento Social, atrav\u00e9s de panfletagens, participa\u00e7\u00e3o em programas de r\u00e1dio e lives.<\/p>\n\n\n\n<p>Neste s\u00e1bado acontece tamb\u00e9m uma a\u00e7\u00e3o direcionada a popula\u00e7\u00e3o da zona rural no centro da cidade.<\/p>\n\n\n\n<p>Acompanhe as redes sociais do Conselho Tutelar de Monteiro<br>Facebook:&nbsp;&nbsp;<a href=\"https:\/\/www.facebook.com\/profile.php?id=100050086385958\">https:\/\/www.facebook.com\/profile.php?id=100050086385958<\/a><br>Instagram:&nbsp;&nbsp;<a href=\"https:\/\/www.instagram.com\/conselhotutelarmonteiro_ct\/?igshid=19e59o19276yx\">https:\/\/www.instagram.com\/conselhotutelarmonteiro_ct\/?igshid=19e59o19276yx<\/a><br>Whatsapp: (83) 99611-2040<\/p>\n","protected":false},"excerpt":{"rendered":"<p>A popula\u00e7\u00e3o de Monteiro vem durante toda esta semana sendo alertada para a Campanha contra a Explora\u00e7\u00e3o Sexual de Crian\u00e7as e Adolescentes, que tem seu&hellip; <\/p>\n","protected":false},"author":1,"featured_media":169715,"comment_status":"closed","ping_status":"closed","sticky":false,"template":"","format":"standard","meta":{"sfsi_plus_gutenberg_text_before_share":"","sfsi_plus_gutenberg_show_text_before_share":"","sfsi_plus_gutenberg_icon_type":"","sfsi_plus_gutenberg_icon_alignemt":"","sfsi_plus_gutenburg_max_per_row":"","footnotes":""},"categories":[6,50],"tags":[],"class_list":["post-169714","post","type-post","status-publish","format-standard","has-post-thumbnail","hentry","category-cidades","category-destaque"],"_links":{"self":[{"href":"https:\/\/www.caririemacao.com\/1\/wp-json\/wp\/v2\/posts\/169714","targetHints":{"allow":["GET"]}}],"collection":[{"href":"https:\/\/www.caririemacao.com\/1\/wp-json\/wp\/v2\/posts"}],"about":[{"href":"https:\/\/www.caririemacao.com\/1\/wp-json\/wp\/v2\/types\/post"}],"author":[{"embeddable":true,"href":"https:\/\/www.caririemacao.com\/1\/wp-json\/wp\/v2\/users\/1"}],"replies":[{"embeddable":true,"href":"https:\/\/www.caririemacao.com\/1\/wp-json\/wp\/v2\/comments?post=169714"}],"version-history":[{"count":1,"href":"https:\/\/www.caririemacao.com\/1\/wp-json\/wp\/v2\/posts\/169714\/revisions"}],"predecessor-version":[{"id":169716,"href":"https:\/\/www.caririemacao.com\/1\/wp-json\/wp\/v2\/posts\/169714\/revisions\/169716"}],"wp:featuredmedia":[{"embeddable":true,"href":"https:\/\/www.caririemacao.com\/1\/wp-json\/wp\/v2\/media\/169715"}],"wp:attachment":[{"href":"https:\/\/www.caririemacao.com\/1\/wp-json\/wp\/v2\/media?parent=169714"}],"wp:term":[{"taxonomy":"category","embeddable":true,"href":"https:\/\/www.caririemacao.com\/1\/wp-json\/wp\/v2\/categories?post=169714"},{"taxonomy":"post_tag","embeddable":true,"href":"https:\/\/www.caririemacao.com\/1\/wp-json\/wp\/v2\/tags?post=169714"}],"curies":[{"name":"wp","href":"https:\/\/api.w.org\/{rel}","templated":true}]}}