{"id":169717,"date":"2020-05-15T14:57:41","date_gmt":"2020-05-15T17:57:41","guid":{"rendered":"https:\/\/www.caririemacao.com\/1\/?p=169717"},"modified":"2020-05-15T14:57:41","modified_gmt":"2020-05-15T17:57:41","slug":"secretaria-de-saude-de-amparo-instala-sala-para-realizacao-de-testes-rapidos-da-covid-19","status":"publish","type":"post","link":"https:\/\/www.caririemacao.com\/1\/2020\/05\/15\/secretaria-de-saude-de-amparo-instala-sala-para-realizacao-de-testes-rapidos-da-covid-19\/","title":{"rendered":"Secretaria de Sa\u00fade de Amparo instala sala para realiza\u00e7\u00e3o de Testes R\u00e1pidos da COVID-19"},"content":{"rendered":"\n<p>A prefeitura de Amparo junto com a Secretaria de Sa\u00fade em parceria com o Governo do Estado e o Minist\u00e9rio da Sa\u00fade estar\u00e3o disponibilizando uma sala para realiza\u00e7\u00e3o de testes r\u00e1pidos da COVID-19 em nosso munic\u00edpio, a sala ficar\u00e1 localizada na UBS S\u00e3o Sebasti\u00e3o.<br>A realiza\u00e7\u00e3o dos exames funcionar\u00e1 da seguinte forma:<br>O m\u00e9dico de plant\u00e3o na UBS S\u00e3o Sebasti\u00e3o ir\u00e1 realiza a anamnese no paciente, se ele ver a necessidade da realiza\u00e7\u00e3o do teste r\u00e1pido, o paciente ser\u00e1 testado de acordo com o protocolo do Minist\u00e9rio da Sa\u00fade. Caso o resultado seja positivo, o paciente ser\u00e1 encaminhado para realiza\u00e7\u00e3o do teste feito com o sangue.<\/p>\n\n\n\n<figure class=\"wp-block-image\"><a href=\"https:\/\/1.bp.blogspot.com\/-FEOSi4CMq9w\/Xr6XOcI9mEI\/AAAAAAABNLI\/H9HIAegzR8YLpPXMZalFndDrLOQz2mybwCLcBGAsYHQ\/s1600\/WhatsApp%2BImage%2B2020-05-15%2Bat%2B7.53.42%2BAM.jpeg\"><img decoding=\"async\" data-src=\"https:\/\/1.bp.blogspot.com\/-FEOSi4CMq9w\/Xr6XOcI9mEI\/AAAAAAABNLI\/H9HIAegzR8YLpPXMZalFndDrLOQz2mybwCLcBGAsYHQ\/s640\/WhatsApp%2BImage%2B2020-05-15%2Bat%2B7.53.42%2BAM.jpeg\" alt=\"\" src=\"data:image\/svg+xml;base64,PHN2ZyB3aWR0aD0iMSIgaGVpZ2h0PSIxIiB4bWxucz0iaHR0cDovL3d3dy53My5vcmcvMjAwMC9zdmciPjwvc3ZnPg==\" class=\"lazyload\" \/><\/a><\/figure>\n\n\n\n<p>A prefeitura de Amparo est\u00e1 buscando a cada dia, trazer mais conforto e seguran\u00e7a para a popula\u00e7\u00e3o Amparense.<\/p>\n\n\n\n<p><br>Amparo Ligado<\/p>\n","protected":false},"excerpt":{"rendered":"<p>A prefeitura de Amparo junto com a Secretaria de Sa\u00fade em parceria com o Governo do Estado e o Minist\u00e9rio da Sa\u00fade estar\u00e3o disponibilizando uma&hellip; <\/p>\n","protected":false},"author":1,"featured_media":169718,"comment_status":"closed","ping_status":"closed","sticky":false,"template":"","format":"standard","meta":{"sfsi_plus_gutenberg_text_before_share":"","sfsi_plus_gutenberg_show_text_before_share":"","sfsi_plus_gutenberg_icon_type":"","sfsi_plus_gutenberg_icon_alignemt":"","sfsi_plus_gutenburg_max_per_row":"","footnotes":""},"categories":[6,50],"tags":[],"class_list":["post-169717","post","type-post","status-publish","format-standard","has-post-thumbnail","hentry","category-cidades","category-destaque"],"_links":{"self":[{"href":"https:\/\/www.caririemacao.com\/1\/wp-json\/wp\/v2\/posts\/169717","targetHints":{"allow":["GET"]}}],"collection":[{"href":"https:\/\/www.caririemacao.com\/1\/wp-json\/wp\/v2\/posts"}],"about":[{"href":"https:\/\/www.caririemacao.com\/1\/wp-json\/wp\/v2\/types\/post"}],"author":[{"embeddable":true,"href":"https:\/\/www.caririemacao.com\/1\/wp-json\/wp\/v2\/users\/1"}],"replies":[{"embeddable":true,"href":"https:\/\/www.caririemacao.com\/1\/wp-json\/wp\/v2\/comments?post=169717"}],"version-history":[{"count":1,"href":"https:\/\/www.caririemacao.com\/1\/wp-json\/wp\/v2\/posts\/169717\/revisions"}],"predecessor-version":[{"id":169719,"href":"https:\/\/www.caririemacao.com\/1\/wp-json\/wp\/v2\/posts\/169717\/revisions\/169719"}],"wp:featuredmedia":[{"embeddable":true,"href":"https:\/\/www.caririemacao.com\/1\/wp-json\/wp\/v2\/media\/169718"}],"wp:attachment":[{"href":"https:\/\/www.caririemacao.com\/1\/wp-json\/wp\/v2\/media?parent=169717"}],"wp:term":[{"taxonomy":"category","embeddable":true,"href":"https:\/\/www.caririemacao.com\/1\/wp-json\/wp\/v2\/categories?post=169717"},{"taxonomy":"post_tag","embeddable":true,"href":"https:\/\/www.caririemacao.com\/1\/wp-json\/wp\/v2\/tags?post=169717"}],"curies":[{"name":"wp","href":"https:\/\/api.w.org\/{rel}","templated":true}]}}