{"id":169720,"date":"2020-05-15T14:59:37","date_gmt":"2020-05-15T17:59:37","guid":{"rendered":"https:\/\/www.caririemacao.com\/1\/?p=169720"},"modified":"2020-05-15T14:59:37","modified_gmt":"2020-05-15T17:59:37","slug":"prefeito-inacio-nobrega-participara-do-programa-cariri-em-acao-neste-sabado","status":"publish","type":"post","link":"https:\/\/www.caririemacao.com\/1\/2020\/05\/15\/prefeito-inacio-nobrega-participara-do-programa-cariri-em-acao-neste-sabado\/","title":{"rendered":"Prefeito In\u00e1cio N\u00f3brega participar\u00e1 do Programa Cariri em A\u00e7\u00e3o neste s\u00e1bado"},"content":{"rendered":"\n<p>O Prefeito In\u00e1cio N\u00f3brega estar\u00e1 participando neste s\u00e1bado (16) do Programa Cariri em A\u00e7\u00e3o, o programa ser\u00e1 transmitido ao vivo a partir das 08h00min pela p\u00e1gina do Cariri em A\u00e7\u00e3o no Facebook, pelas r\u00e1dios 95 FM de Sum\u00e9 e 87,9 FM de Ouro Velho.<\/p>\n\n\n\n<p><br>O Prefeito ir\u00e1 debater sobre as a\u00e7\u00f5es de combate ao COVID-19 que est\u00e3o sendo realizada em nossa cidade, ir\u00e1 falar tamb\u00e9m sobre obras e pol\u00edtica.<\/p>\n\n\n\n<p><br>Amparo Ligado<\/p>\n","protected":false},"excerpt":{"rendered":"<p>O Prefeito In\u00e1cio N\u00f3brega estar\u00e1 participando neste s\u00e1bado (16) do Programa Cariri em A\u00e7\u00e3o, o programa ser\u00e1 transmitido ao vivo a partir das 08h00min pela&hellip; <\/p>\n","protected":false},"author":1,"featured_media":169721,"comment_status":"closed","ping_status":"closed","sticky":false,"template":"","format":"standard","meta":{"sfsi_plus_gutenberg_text_before_share":"","sfsi_plus_gutenberg_show_text_before_share":"","sfsi_plus_gutenberg_icon_type":"","sfsi_plus_gutenberg_icon_alignemt":"","sfsi_plus_gutenburg_max_per_row":"","footnotes":""},"categories":[50,11],"tags":[],"class_list":["post-169720","post","type-post","status-publish","format-standard","has-post-thumbnail","hentry","category-destaque","category-politica"],"_links":{"self":[{"href":"https:\/\/www.caririemacao.com\/1\/wp-json\/wp\/v2\/posts\/169720","targetHints":{"allow":["GET"]}}],"collection":[{"href":"https:\/\/www.caririemacao.com\/1\/wp-json\/wp\/v2\/posts"}],"about":[{"href":"https:\/\/www.caririemacao.com\/1\/wp-json\/wp\/v2\/types\/post"}],"author":[{"embeddable":true,"href":"https:\/\/www.caririemacao.com\/1\/wp-json\/wp\/v2\/users\/1"}],"replies":[{"embeddable":true,"href":"https:\/\/www.caririemacao.com\/1\/wp-json\/wp\/v2\/comments?post=169720"}],"version-history":[{"count":1,"href":"https:\/\/www.caririemacao.com\/1\/wp-json\/wp\/v2\/posts\/169720\/revisions"}],"predecessor-version":[{"id":169722,"href":"https:\/\/www.caririemacao.com\/1\/wp-json\/wp\/v2\/posts\/169720\/revisions\/169722"}],"wp:featuredmedia":[{"embeddable":true,"href":"https:\/\/www.caririemacao.com\/1\/wp-json\/wp\/v2\/media\/169721"}],"wp:attachment":[{"href":"https:\/\/www.caririemacao.com\/1\/wp-json\/wp\/v2\/media?parent=169720"}],"wp:term":[{"taxonomy":"category","embeddable":true,"href":"https:\/\/www.caririemacao.com\/1\/wp-json\/wp\/v2\/categories?post=169720"},{"taxonomy":"post_tag","embeddable":true,"href":"https:\/\/www.caririemacao.com\/1\/wp-json\/wp\/v2\/tags?post=169720"}],"curies":[{"name":"wp","href":"https:\/\/api.w.org\/{rel}","templated":true}]}}