{"id":169723,"date":"2020-05-15T15:12:30","date_gmt":"2020-05-15T18:12:30","guid":{"rendered":"https:\/\/www.caririemacao.com\/1\/?p=169723"},"modified":"2020-05-15T15:13:20","modified_gmt":"2020-05-15T18:13:20","slug":"prefeitura-de-amparo-solicita-do-legislativo-em-carater-de-urgencia-aprovacao-de-credito-adicional-para-realizacao-de-obras","status":"publish","type":"post","link":"https:\/\/www.caririemacao.com\/1\/2020\/05\/15\/prefeitura-de-amparo-solicita-do-legislativo-em-carater-de-urgencia-aprovacao-de-credito-adicional-para-realizacao-de-obras\/","title":{"rendered":"Prefeitura de Amparo solicita do Legislativo em Car\u00e1ter de Urg\u00eancia, aprova\u00e7\u00e3o de Cr\u00e9dito Adicional para realiza\u00e7\u00e3o de Obras"},"content":{"rendered":"\n<p>A Prefeitura de Amparo enviou nesta quinta-feira (14) para a C\u00e2mara de Vereadores um projeto de Lei solicitando Cr\u00e9dito Adicional Especial no valor de R$ 456.980,24 (quatrocentos e cinquenta e seis mil, novecentos e oitenta reais e vinte e quatro centavos) para suplementa\u00e7\u00e3o na Lei Or\u00e7ament\u00e1ria Anual, para realiza\u00e7\u00e3o de v\u00e1rias obras em nossa cidade.<br>Confira as obras que ser\u00e3o realizadas em nossa cidade, beneficiando toda a popula\u00e7\u00e3o:<br>Reformar a Quadra esportiva da Escola Municipal Ildefonso Anselmo da Silva na sede do munic\u00edpioValor: 22.976,68<br>Reformar, ampliar e iluminar o campo de futebol O RONALD\u00c3O na sede do munic\u00edpio.Valor: 142.003,56<br>Construir uma Central de vel\u00f3rios na sede do munic\u00edpio, ao lado do cemit\u00e9rio da cidade.Valor: 75.000,00<br>Perfurar 50 (cinquenta) po\u00e7os tubulares no munic\u00edpio.Valor: 175.000,00<br>Construir 10 pontos de espera de \u00f4nibus e\/ou outros ve\u00edculos de transporte coletivo na sede e zona rural do munic\u00edpio.Valor: 42.000,00<br>Totalizando um montante de&nbsp;R$ 456.980,24&nbsp;(quatrocentos e cinquenta e seis mil, novecentos e oitenta reais e vinte e quatro centavos).<br>Todas essas obras j\u00e1 foram solicitadas pelos pr\u00f3prios vereadores atrav\u00e9s de Indica\u00e7\u00f5es apresentadas na C\u00e2mara Municipal em sess\u00f5es parlamentares, agora o Prefeito In\u00e1cio N\u00f3brega aguarda a an\u00e1lise das comiss\u00f5es respons\u00e1veis e a vota\u00e7\u00e3o entre os vereadores para, caso aprovado, dar inicio a todas essas obras acima citadas.<\/p>\n\n\n\n<p><strong>CONFIRA O PROJETO:<\/strong><\/p>\n\n\n\n<figure class=\"wp-block-image size-large\"><img fetchpriority=\"high\" decoding=\"async\" width=\"452\" height=\"640\" src=\"https:\/\/www.caririemacao.com\/1\/wp-content\/uploads\/2020\/05\/PL-1-1.jpg\" alt=\"\" class=\"wp-image-169736\" srcset=\"https:\/\/www.caririemacao.com\/1\/wp-content\/uploads\/2020\/05\/PL-1-1.jpg 452w, https:\/\/www.caririemacao.com\/1\/wp-content\/uploads\/2020\/05\/PL-1-1-212x300.jpg 212w\" sizes=\"(max-width: 452px) 100vw, 452px\" \/><\/figure>\n\n\n\n<figure class=\"wp-block-image size-large\"><img decoding=\"async\" width=\"452\" height=\"640\" data-src=\"https:\/\/www.caririemacao.com\/1\/wp-content\/uploads\/2020\/05\/PL-2-3.jpg\" alt=\"\" class=\"wp-image-169737 lazyload\" data-srcset=\"https:\/\/www.caririemacao.com\/1\/wp-content\/uploads\/2020\/05\/PL-2-3.jpg 452w, https:\/\/www.caririemacao.com\/1\/wp-content\/uploads\/2020\/05\/PL-2-3-212x300.jpg 212w\" data-sizes=\"(max-width: 452px) 100vw, 452px\" src=\"data:image\/svg+xml;base64,PHN2ZyB3aWR0aD0iMSIgaGVpZ2h0PSIxIiB4bWxucz0iaHR0cDovL3d3dy53My5vcmcvMjAwMC9zdmciPjwvc3ZnPg==\" style=\"--smush-placeholder-width: 452px; --smush-placeholder-aspect-ratio: 452\/640;\" \/><\/figure>\n\n\n\n<figure class=\"wp-block-image size-large\"><img decoding=\"async\" width=\"452\" height=\"640\" data-src=\"https:\/\/www.caririemacao.com\/1\/wp-content\/uploads\/2020\/05\/PL-3-1.jpg\" alt=\"\" class=\"wp-image-169738 lazyload\" data-srcset=\"https:\/\/www.caririemacao.com\/1\/wp-content\/uploads\/2020\/05\/PL-3-1.jpg 452w, https:\/\/www.caririemacao.com\/1\/wp-content\/uploads\/2020\/05\/PL-3-1-212x300.jpg 212w\" data-sizes=\"(max-width: 452px) 100vw, 452px\" src=\"data:image\/svg+xml;base64,PHN2ZyB3aWR0aD0iMSIgaGVpZ2h0PSIxIiB4bWxucz0iaHR0cDovL3d3dy53My5vcmcvMjAwMC9zdmciPjwvc3ZnPg==\" style=\"--smush-placeholder-width: 452px; --smush-placeholder-aspect-ratio: 452\/640;\" \/><\/figure>\n\n\n\n<figure class=\"wp-block-image size-large\"><img decoding=\"async\" width=\"452\" height=\"640\" data-src=\"https:\/\/www.caririemacao.com\/1\/wp-content\/uploads\/2020\/05\/PL-4.jpg\" alt=\"\" class=\"wp-image-169739 lazyload\" data-srcset=\"https:\/\/www.caririemacao.com\/1\/wp-content\/uploads\/2020\/05\/PL-4.jpg 452w, https:\/\/www.caririemacao.com\/1\/wp-content\/uploads\/2020\/05\/PL-4-212x300.jpg 212w\" data-sizes=\"(max-width: 452px) 100vw, 452px\" src=\"data:image\/svg+xml;base64,PHN2ZyB3aWR0aD0iMSIgaGVpZ2h0PSIxIiB4bWxucz0iaHR0cDovL3d3dy53My5vcmcvMjAwMC9zdmciPjwvc3ZnPg==\" style=\"--smush-placeholder-width: 452px; --smush-placeholder-aspect-ratio: 452\/640;\" \/><\/figure>\n\n\n\n<figure class=\"wp-block-image size-large\"><img decoding=\"async\" width=\"452\" height=\"640\" data-src=\"https:\/\/www.caririemacao.com\/1\/wp-content\/uploads\/2020\/05\/PL-5-2.jpg\" alt=\"\" class=\"wp-image-169740 lazyload\" data-srcset=\"https:\/\/www.caririemacao.com\/1\/wp-content\/uploads\/2020\/05\/PL-5-2.jpg 452w, https:\/\/www.caririemacao.com\/1\/wp-content\/uploads\/2020\/05\/PL-5-2-212x300.jpg 212w\" data-sizes=\"(max-width: 452px) 100vw, 452px\" src=\"data:image\/svg+xml;base64,PHN2ZyB3aWR0aD0iMSIgaGVpZ2h0PSIxIiB4bWxucz0iaHR0cDovL3d3dy53My5vcmcvMjAwMC9zdmciPjwvc3ZnPg==\" style=\"--smush-placeholder-width: 452px; --smush-placeholder-aspect-ratio: 452\/640;\" \/><\/figure>\n\n\n\n<figure class=\"wp-block-image size-large\"><img decoding=\"async\" width=\"452\" height=\"640\" data-src=\"https:\/\/www.caririemacao.com\/1\/wp-content\/uploads\/2020\/05\/PL-6-3.jpg\" alt=\"\" class=\"wp-image-169741 lazyload\" data-srcset=\"https:\/\/www.caririemacao.com\/1\/wp-content\/uploads\/2020\/05\/PL-6-3.jpg 452w, https:\/\/www.caririemacao.com\/1\/wp-content\/uploads\/2020\/05\/PL-6-3-212x300.jpg 212w\" data-sizes=\"(max-width: 452px) 100vw, 452px\" src=\"data:image\/svg+xml;base64,PHN2ZyB3aWR0aD0iMSIgaGVpZ2h0PSIxIiB4bWxucz0iaHR0cDovL3d3dy53My5vcmcvMjAwMC9zdmciPjwvc3ZnPg==\" style=\"--smush-placeholder-width: 452px; --smush-placeholder-aspect-ratio: 452\/640;\" \/><\/figure>\n\n\n\n<p>Amaparo Ligado<\/p>\n","protected":false},"excerpt":{"rendered":"<p>A Prefeitura de Amparo enviou nesta quinta-feira (14) para a C\u00e2mara de Vereadores um projeto de Lei solicitando Cr\u00e9dito Adicional Especial no valor de R$&hellip; <\/p>\n","protected":false},"author":1,"featured_media":169743,"comment_status":"closed","ping_status":"closed","sticky":false,"template":"","format":"standard","meta":{"sfsi_plus_gutenberg_text_before_share":"","sfsi_plus_gutenberg_show_text_before_share":"","sfsi_plus_gutenberg_icon_type":"","sfsi_plus_gutenberg_icon_alignemt":"","sfsi_plus_gutenburg_max_per_row":"","footnotes":""},"categories":[6,50],"tags":[],"class_list":["post-169723","post","type-post","status-publish","format-standard","has-post-thumbnail","hentry","category-cidades","category-destaque"],"_links":{"self":[{"href":"https:\/\/www.caririemacao.com\/1\/wp-json\/wp\/v2\/posts\/169723","targetHints":{"allow":["GET"]}}],"collection":[{"href":"https:\/\/www.caririemacao.com\/1\/wp-json\/wp\/v2\/posts"}],"about":[{"href":"https:\/\/www.caririemacao.com\/1\/wp-json\/wp\/v2\/types\/post"}],"author":[{"embeddable":true,"href":"https:\/\/www.caririemacao.com\/1\/wp-json\/wp\/v2\/users\/1"}],"replies":[{"embeddable":true,"href":"https:\/\/www.caririemacao.com\/1\/wp-json\/wp\/v2\/comments?post=169723"}],"version-history":[{"count":2,"href":"https:\/\/www.caririemacao.com\/1\/wp-json\/wp\/v2\/posts\/169723\/revisions"}],"predecessor-version":[{"id":169744,"href":"https:\/\/www.caririemacao.com\/1\/wp-json\/wp\/v2\/posts\/169723\/revisions\/169744"}],"wp:featuredmedia":[{"embeddable":true,"href":"https:\/\/www.caririemacao.com\/1\/wp-json\/wp\/v2\/media\/169743"}],"wp:attachment":[{"href":"https:\/\/www.caririemacao.com\/1\/wp-json\/wp\/v2\/media?parent=169723"}],"wp:term":[{"taxonomy":"category","embeddable":true,"href":"https:\/\/www.caririemacao.com\/1\/wp-json\/wp\/v2\/categories?post=169723"},{"taxonomy":"post_tag","embeddable":true,"href":"https:\/\/www.caririemacao.com\/1\/wp-json\/wp\/v2\/tags?post=169723"}],"curies":[{"name":"wp","href":"https:\/\/api.w.org\/{rel}","templated":true}]}}