{"id":169745,"date":"2020-05-15T15:50:51","date_gmt":"2020-05-15T18:50:51","guid":{"rendered":"https:\/\/www.caririemacao.com\/1\/?p=169745"},"modified":"2020-05-15T15:50:51","modified_gmt":"2020-05-15T18:50:51","slug":"covid-19-prefeitura-de-caraubas-aluga-tendas-para-serem-usadas-no-comercio-e-nas-reparticoes-bancarias","status":"publish","type":"post","link":"https:\/\/www.caririemacao.com\/1\/2020\/05\/15\/covid-19-prefeitura-de-caraubas-aluga-tendas-para-serem-usadas-no-comercio-e-nas-reparticoes-bancarias\/","title":{"rendered":"Covid-19: Prefeitura de Cara\u00fabas aluga tendas para serem usadas no com\u00e9rcio e nas reparti\u00e7\u00f5es  banc\u00e1rias"},"content":{"rendered":"\n<p>Com o objetivo de reduzir o contato das pessoas em filas, bem como, proporcionar maior comodidade a popula\u00e7\u00e3o que se utiliza dos servi\u00e7os dos correspondentes banc\u00e1rios e do com\u00e9rcio local, a Prefeitura Municipal de Cara\u00fabas alugou tendas no tamanho de 5X5 e coloca\u00e7\u00e3o de cadeiras para a popula\u00e7\u00e3o que for se utilizar dos servi\u00e7os comerciais e banc\u00e1rios.<\/p>\n\n\n\n<figure class=\"wp-block-image size-large\"><img fetchpriority=\"high\" decoding=\"async\" width=\"720\" height=\"540\" src=\"https:\/\/www.caririemacao.com\/1\/wp-content\/uploads\/2020\/05\/FB_IMG_1589568578907.jpg\" alt=\"\" class=\"wp-image-169747\" srcset=\"https:\/\/www.caririemacao.com\/1\/wp-content\/uploads\/2020\/05\/FB_IMG_1589568578907.jpg 720w, https:\/\/www.caririemacao.com\/1\/wp-content\/uploads\/2020\/05\/FB_IMG_1589568578907-300x225.jpg 300w\" sizes=\"(max-width: 720px) 100vw, 720px\" \/><\/figure>\n\n\n\n<p><br>De acordo com o prefeito Silvano Dudu \u00e9 necess\u00e1rio proporcionar a essas pessoas condi\u00e7\u00f5es humanas e de viabilidade comercial para que evitem a aproxima\u00e7\u00e3o em virtude do cont\u00e1gio do coronavirus. Percebi que as pessoas estavam se aglomerando para resolver assuntos diversos e pagamentos de contas e recebimentos de seus vencimentos. <\/p>\n\n\n\n<p>\u00c9 proibida qualquer aglomera\u00e7\u00e3o e para que as pessoas possam cumprir o que determina as orienta\u00e7\u00f5es da Organiza\u00e7\u00e3o Mundial da Sa\u00fade, do Minist\u00e9rio da Sa\u00fade e da pr\u00f3pria secretaria da Sa\u00fade do Estado e do munic\u00edpio, resolvemos tomar essa iniciativa, afirmou o prefeito.<\/p>\n\n\n\n<p><br>Em cada tenda instalada temos a oportunidade de oferecer um lavat\u00f3rio m\u00f3vel com \u00e1gua, sab\u00e3o e papel toalha para se fazer a higieniza\u00e7\u00e3o das m\u00e3os ao chegarem e ao sa\u00edrem desses locais. S\u00e3o a\u00e7\u00f5es simples mais que ir\u00e3o contribuir para a desinfec\u00e7\u00e3o dos principais meios de contagio do v\u00edrus, disse ele.<\/p>\n\n\n\n<p><br>Os propriet\u00e1rios de casas comerciais e dos estabelecimentos que est\u00e3o localizados na Rua Dr. Mauro Farias agradeceram ao Poder P\u00fablico pelas iniciativas adotadas, uma vez que ir\u00e1 contribuir sobremaneira na redu\u00e7\u00e3o do cont\u00e1gio das pessoas que necessitam dos nossos servi\u00e7os, acrescentou um dos comerciantes instalados no local.<\/p>\n\n\n\n<p>Fonte: SEPLACOM<br>Foto: MIGUEL FILHO<\/p>\n","protected":false},"excerpt":{"rendered":"<p>Com o objetivo de reduzir o contato das pessoas em filas, bem como, proporcionar maior comodidade a popula\u00e7\u00e3o que se utiliza dos servi\u00e7os dos correspondentes&hellip; <\/p>\n","protected":false},"author":1,"featured_media":169746,"comment_status":"closed","ping_status":"closed","sticky":false,"template":"","format":"standard","meta":{"sfsi_plus_gutenberg_text_before_share":"","sfsi_plus_gutenberg_show_text_before_share":"","sfsi_plus_gutenberg_icon_type":"","sfsi_plus_gutenberg_icon_alignemt":"","sfsi_plus_gutenburg_max_per_row":"","footnotes":""},"categories":[6,50],"tags":[],"class_list":["post-169745","post","type-post","status-publish","format-standard","has-post-thumbnail","hentry","category-cidades","category-destaque"],"_links":{"self":[{"href":"https:\/\/www.caririemacao.com\/1\/wp-json\/wp\/v2\/posts\/169745","targetHints":{"allow":["GET"]}}],"collection":[{"href":"https:\/\/www.caririemacao.com\/1\/wp-json\/wp\/v2\/posts"}],"about":[{"href":"https:\/\/www.caririemacao.com\/1\/wp-json\/wp\/v2\/types\/post"}],"author":[{"embeddable":true,"href":"https:\/\/www.caririemacao.com\/1\/wp-json\/wp\/v2\/users\/1"}],"replies":[{"embeddable":true,"href":"https:\/\/www.caririemacao.com\/1\/wp-json\/wp\/v2\/comments?post=169745"}],"version-history":[{"count":1,"href":"https:\/\/www.caririemacao.com\/1\/wp-json\/wp\/v2\/posts\/169745\/revisions"}],"predecessor-version":[{"id":169748,"href":"https:\/\/www.caririemacao.com\/1\/wp-json\/wp\/v2\/posts\/169745\/revisions\/169748"}],"wp:featuredmedia":[{"embeddable":true,"href":"https:\/\/www.caririemacao.com\/1\/wp-json\/wp\/v2\/media\/169746"}],"wp:attachment":[{"href":"https:\/\/www.caririemacao.com\/1\/wp-json\/wp\/v2\/media?parent=169745"}],"wp:term":[{"taxonomy":"category","embeddable":true,"href":"https:\/\/www.caririemacao.com\/1\/wp-json\/wp\/v2\/categories?post=169745"},{"taxonomy":"post_tag","embeddable":true,"href":"https:\/\/www.caririemacao.com\/1\/wp-json\/wp\/v2\/tags?post=169745"}],"curies":[{"name":"wp","href":"https:\/\/api.w.org\/{rel}","templated":true}]}}