{"id":169749,"date":"2020-05-15T16:33:27","date_gmt":"2020-05-15T19:33:27","guid":{"rendered":"https:\/\/www.caririemacao.com\/1\/?p=169749"},"modified":"2020-05-15T16:37:19","modified_gmt":"2020-05-15T19:37:19","slug":"prefeito-de-caraubas-se-reune-com-representante-do-banco-do-nordeste-e-anuncia-investimentos-de-2-milhoes-de-reais-para-os-agriculturires-do-municipio","status":"publish","type":"post","link":"https:\/\/www.caririemacao.com\/1\/2020\/05\/15\/prefeito-de-caraubas-se-reune-com-representante-do-banco-do-nordeste-e-anuncia-investimentos-de-2-milhoes-de-reais-para-os-agriculturires-do-municipio\/","title":{"rendered":"Prefeito de Cara\u00fabas se re\u00fane com representante do Banco do Nordeste e anuncia investimentos de 2 milh\u00f5es de reais para os agriculturires do munic\u00edpio"},"content":{"rendered":"\n<p>O prefeito Silvano Dudu do munic\u00edpio de Cara\u00fabas se reuniu com o representante do Banco do Nordeste, o secret\u00e1rio da Agricultura, Rone Feitoza, al\u00e9m do secret\u00e1rio do planejamento, jornalista Eduardo Belo, para discutir sobre a delibera\u00e7\u00e3o de investimentos no presente exerc\u00edcio para a agricultura do munic\u00edpio.<\/p>\n\n\n\n<p><br>Est\u00e3o garantidos recursos na ordem de R$ 2.000.000,00(Dois Milh\u00f5es de Reais) que dever\u00e3o ser investidos na Agricultura Familiar do munic\u00edpio. De acordo com Rog\u00e9rio, coordenador do Agroamigo, o munic\u00edpio de Cara\u00fabas tem sido refer\u00eancia para muitos outros da regi\u00e3o por ter um volume de investimentos significativo e de agricultores que vem cumprindo com os contratos.<\/p>\n\n\n\n<p><br>Hoje temos aproximadamente 500 (Quinhentos) agricultores com DAPs Ativa e aptos a receberem novos empr\u00e9stimos. Estamos oportunizando Cara\u00fabas com o maior volume de recursos dos \u00faltimos anos e, devidamente autorizado pelo Governo Federal. Creio que iremos beneficiar um n\u00famero bem maior de agricultores este ano com o aumento dos recursos dispon\u00edveis, afirmou ele.<\/p>\n\n\n\n<p><br>O prefeito Silvano Dudu autorizou a secretaria da agricultura em conjunto com o escrit\u00f3rio da EMPAER regularizar as DAPs expiradas dos agricultores e convocar o Conselho Municipal de Desenvolvimento Rural Sustent\u00e1vel para adotar todas as medida necess\u00e1rias de contempla\u00e7\u00e3o.<br>Esse tem sido um ano bom de inverno e temos que aproveitar as condi\u00e7\u00f5es clim\u00e1ticas e a disponibilidade dos recursos que chegam em boa hora para beneficiar o nosso agricultor o homem do campo que vem sofrendo ano a ano com os longos per\u00edodos de estiagem, finalizou o prefeito.<\/p>\n\n\n\n<p><br>O secret\u00e1rio Rone Feitoza orienta os agricultores que compare\u00e7am a sede da secretaria ou da EMPAER munidos dos documentos pessoais RG, CPF, comprovante de resid\u00eancia, c\u00f3pia do CAR, um comprovante de v\u00ednculo com a terra de trabalho da unidade familiar, c\u00f3pia do NIS e comprovar renda m\u00ednima de 50% advindas da atividade rural.<\/p>\n\n\n\n<p>Fonte: SEPLACOM<br>Foto: MIGUEL FILHO<\/p>\n","protected":false},"excerpt":{"rendered":"<p>O prefeito Silvano Dudu do munic\u00edpio de Cara\u00fabas se reuniu com o representante do Banco do Nordeste, o secret\u00e1rio da Agricultura, Rone Feitoza, al\u00e9m do&hellip; <\/p>\n","protected":false},"author":1,"featured_media":169750,"comment_status":"closed","ping_status":"closed","sticky":false,"template":"","format":"standard","meta":{"sfsi_plus_gutenberg_text_before_share":"","sfsi_plus_gutenberg_show_text_before_share":"","sfsi_plus_gutenberg_icon_type":"","sfsi_plus_gutenberg_icon_alignemt":"","sfsi_plus_gutenburg_max_per_row":"","footnotes":""},"categories":[6,50],"tags":[],"class_list":["post-169749","post","type-post","status-publish","format-standard","has-post-thumbnail","hentry","category-cidades","category-destaque"],"_links":{"self":[{"href":"https:\/\/www.caririemacao.com\/1\/wp-json\/wp\/v2\/posts\/169749","targetHints":{"allow":["GET"]}}],"collection":[{"href":"https:\/\/www.caririemacao.com\/1\/wp-json\/wp\/v2\/posts"}],"about":[{"href":"https:\/\/www.caririemacao.com\/1\/wp-json\/wp\/v2\/types\/post"}],"author":[{"embeddable":true,"href":"https:\/\/www.caririemacao.com\/1\/wp-json\/wp\/v2\/users\/1"}],"replies":[{"embeddable":true,"href":"https:\/\/www.caririemacao.com\/1\/wp-json\/wp\/v2\/comments?post=169749"}],"version-history":[{"count":1,"href":"https:\/\/www.caririemacao.com\/1\/wp-json\/wp\/v2\/posts\/169749\/revisions"}],"predecessor-version":[{"id":169751,"href":"https:\/\/www.caririemacao.com\/1\/wp-json\/wp\/v2\/posts\/169749\/revisions\/169751"}],"wp:featuredmedia":[{"embeddable":true,"href":"https:\/\/www.caririemacao.com\/1\/wp-json\/wp\/v2\/media\/169750"}],"wp:attachment":[{"href":"https:\/\/www.caririemacao.com\/1\/wp-json\/wp\/v2\/media?parent=169749"}],"wp:term":[{"taxonomy":"category","embeddable":true,"href":"https:\/\/www.caririemacao.com\/1\/wp-json\/wp\/v2\/categories?post=169749"},{"taxonomy":"post_tag","embeddable":true,"href":"https:\/\/www.caririemacao.com\/1\/wp-json\/wp\/v2\/tags?post=169749"}],"curies":[{"name":"wp","href":"https:\/\/api.w.org\/{rel}","templated":true}]}}