{"id":169752,"date":"2020-05-15T19:25:11","date_gmt":"2020-05-15T22:25:11","guid":{"rendered":"https:\/\/www.caririemacao.com\/1\/?p=169752"},"modified":"2020-05-15T19:25:11","modified_gmt":"2020-05-15T22:25:11","slug":"secretaria-de-saude-de-monteiro-confirma-mais-02-casos-de-covid-19","status":"publish","type":"post","link":"https:\/\/www.caririemacao.com\/1\/2020\/05\/15\/secretaria-de-saude-de-monteiro-confirma-mais-02-casos-de-covid-19\/","title":{"rendered":"Secretaria de Sa\u00fade de Monteiro confirma mais 02 casos de Covid-19"},"content":{"rendered":"\n<p><br>\u2800<br>A Secretaria Municipal de Sa\u00fade informa sobre mais dois novos casos de Covid-19 diagnosticados hoje:\u2800<br>Trata-se de um paciente, sexo masculino, 32 anos e uma paciente, sexo feminino, 26 anos. Foram notificados e submetidos a testagem r\u00e1pida, com resultado POSITIVO. Ambos est\u00e3o em isolamento domiciliar. \u2800<br>\u2800<br>A Secretaria Municipal de Sa\u00fade chama aten\u00e7\u00e3o da popula\u00e7\u00e3o por se tratarem de casos de transmiss\u00e3o comunit\u00e1ria, ou seja, o v\u00edrus circula dentro da cidade. Isso torna cada vez mais importante seguir as orienta\u00e7\u00f5es do distanciamento social e demais medidas apresentadas pela Vigil\u00e2ncia em Sa\u00fade.\u2800<br>\u2800<br>&#x1f539;Mantenha-se bem informado (a)! Siga as redes sociais oficiais da prefeitura ou acesse o www.monteiro.pb.gov.br &#x1f4f2;\u2800<br>\u2800\u2800\u2800\u2800\u2800\u2800<\/p>\n","protected":false},"excerpt":{"rendered":"<p>\u2800A Secretaria Municipal de Sa\u00fade informa sobre mais dois novos casos de Covid-19 diagnosticados hoje:\u2800Trata-se de um paciente, sexo masculino, 32 anos e uma paciente,&hellip; <\/p>\n","protected":false},"author":1,"featured_media":169753,"comment_status":"closed","ping_status":"closed","sticky":false,"template":"","format":"standard","meta":{"sfsi_plus_gutenberg_text_before_share":"","sfsi_plus_gutenberg_show_text_before_share":"","sfsi_plus_gutenberg_icon_type":"","sfsi_plus_gutenberg_icon_alignemt":"","sfsi_plus_gutenburg_max_per_row":"","footnotes":""},"categories":[6,50],"tags":[],"class_list":["post-169752","post","type-post","status-publish","format-standard","has-post-thumbnail","hentry","category-cidades","category-destaque"],"_links":{"self":[{"href":"https:\/\/www.caririemacao.com\/1\/wp-json\/wp\/v2\/posts\/169752","targetHints":{"allow":["GET"]}}],"collection":[{"href":"https:\/\/www.caririemacao.com\/1\/wp-json\/wp\/v2\/posts"}],"about":[{"href":"https:\/\/www.caririemacao.com\/1\/wp-json\/wp\/v2\/types\/post"}],"author":[{"embeddable":true,"href":"https:\/\/www.caririemacao.com\/1\/wp-json\/wp\/v2\/users\/1"}],"replies":[{"embeddable":true,"href":"https:\/\/www.caririemacao.com\/1\/wp-json\/wp\/v2\/comments?post=169752"}],"version-history":[{"count":1,"href":"https:\/\/www.caririemacao.com\/1\/wp-json\/wp\/v2\/posts\/169752\/revisions"}],"predecessor-version":[{"id":169754,"href":"https:\/\/www.caririemacao.com\/1\/wp-json\/wp\/v2\/posts\/169752\/revisions\/169754"}],"wp:featuredmedia":[{"embeddable":true,"href":"https:\/\/www.caririemacao.com\/1\/wp-json\/wp\/v2\/media\/169753"}],"wp:attachment":[{"href":"https:\/\/www.caririemacao.com\/1\/wp-json\/wp\/v2\/media?parent=169752"}],"wp:term":[{"taxonomy":"category","embeddable":true,"href":"https:\/\/www.caririemacao.com\/1\/wp-json\/wp\/v2\/categories?post=169752"},{"taxonomy":"post_tag","embeddable":true,"href":"https:\/\/www.caririemacao.com\/1\/wp-json\/wp\/v2\/tags?post=169752"}],"curies":[{"name":"wp","href":"https:\/\/api.w.org\/{rel}","templated":true}]}}