{"id":169765,"date":"2020-05-15T20:12:51","date_gmt":"2020-05-15T23:12:51","guid":{"rendered":"https:\/\/www.caririemacao.com\/1\/?p=169765"},"modified":"2020-05-15T20:12:51","modified_gmt":"2020-05-15T23:12:51","slug":"casa-da-cidadania-de-sume-presta-atendimento-a-estudantes-que-precisam-do-rg-para-fazer-o-enem","status":"publish","type":"post","link":"https:\/\/www.caririemacao.com\/1\/2020\/05\/15\/casa-da-cidadania-de-sume-presta-atendimento-a-estudantes-que-precisam-do-rg-para-fazer-o-enem\/","title":{"rendered":"Casa da Cidadania de Sum\u00e9 presta atendimento a estudantes que precisam do RG para fazer o Enem"},"content":{"rendered":"\n<p>Por conta da pandemia causada pelo Covid-19, as Casas da Cidadania e \u00f3rg\u00e3os municipais de todo o Estado foram fechados temporariamente. &nbsp;Por conta disso, servidores passaram a trabalhar&nbsp;<em>home office<\/em>&nbsp;para que diversos servi\u00e7os prestados pelos \u00f3rg\u00e3os p\u00fablicos n\u00e3o fiquem parados e possam atender \u00e0 popula\u00e7\u00e3o.<\/p>\n\n\n\n<p>Dessa maneira, o Instituto de Pol\u00edcia Cient\u00edfica da Para\u00edba (IPC\/PB) adotou um protocolo para atender estudantes que v\u00e3o participar do Exame Nacional do Ensino M\u00e9dio (Enem), mas que n\u00e3o possuem a Carteira de Identidade. O RG \u00e9 um documento obrigat\u00f3rio para quem vai fazer as provas do Enem.<\/p>\n\n\n\n<p>Conforme o diretor geral do IPC\/PB, Marcelo Burity, para atender as pessoas que v\u00e3o fazer a inscri\u00e7\u00e3o no Enem, o Instituto disponibilizou um e-mail:&nbsp;&nbsp;<a href=\"mailto:geicc@ssp.pb.gov.br\">geicc@ssp.pb.gov.br<\/a>, para que os estudantes solicitem a Carteira de Identidade e recebam um protocolo com n\u00famero do Registro Geral e a data de expedi\u00e7\u00e3o. Com esses dados, ser\u00e1 poss\u00edvel realizar a inscri\u00e7\u00e3o no Enem.<\/p>\n\n\n\n<p>Em Sum\u00e9, os jovens que est\u00e3o cursando o Ensino M\u00e9dio, que ir\u00e3o prestar o Enem e n\u00e3o possuem documento de Identidade, podem procurar o Identificador do munic\u00edpio, Alessandro Sousa, pelo contato&nbsp;<strong>(83) 9 9676-9082<\/strong>, para obterem esclarecimentos.<\/p>\n\n\n\n<p>Quando os \u00f3rg\u00e3os p\u00fablicos retornarem ao seu funcionamento normal, os estudantes dever\u00e3o procurar a Casa da Cidadania de Sum\u00e9 para concluir o atendimento, efetuar o pagamento e receber a C\u00e9dula de Identidade.<\/p>\n\n\n\n<p>Al\u00e9m dos candidatos ao Exame, ser\u00e3o emitidas carteiras de identidade em casos de urg\u00eancia, a exemplo de pessoas que est\u00e3o com pend\u00eancias judiciais, de sa\u00fade e previdenci\u00e1rias. Nestes casos, o interessado deve enviar os documentos tamb\u00e9m por e-mail, informando a necessidade da emiss\u00e3o. Os dados ser\u00e3o analisados, comprovando a urg\u00eancia da solicita\u00e7\u00e3o do RG, o pedido ser\u00e1 atendido.<\/p>\n\n\n\n<p>Ascom PMS<\/p>\n","protected":false},"excerpt":{"rendered":"<p>Por conta da pandemia causada pelo Covid-19, as Casas da Cidadania e \u00f3rg\u00e3os municipais de todo o Estado foram fechados temporariamente. &nbsp;Por conta disso, servidores&hellip; <\/p>\n","protected":false},"author":2,"featured_media":169766,"comment_status":"closed","ping_status":"closed","sticky":false,"template":"","format":"standard","meta":{"sfsi_plus_gutenberg_text_before_share":"","sfsi_plus_gutenberg_show_text_before_share":"","sfsi_plus_gutenberg_icon_type":"","sfsi_plus_gutenberg_icon_alignemt":"","sfsi_plus_gutenburg_max_per_row":"","footnotes":""},"categories":[2],"tags":[],"class_list":["post-169765","post","type-post","status-publish","format-standard","has-post-thumbnail","hentry","category-geral"],"_links":{"self":[{"href":"https:\/\/www.caririemacao.com\/1\/wp-json\/wp\/v2\/posts\/169765","targetHints":{"allow":["GET"]}}],"collection":[{"href":"https:\/\/www.caririemacao.com\/1\/wp-json\/wp\/v2\/posts"}],"about":[{"href":"https:\/\/www.caririemacao.com\/1\/wp-json\/wp\/v2\/types\/post"}],"author":[{"embeddable":true,"href":"https:\/\/www.caririemacao.com\/1\/wp-json\/wp\/v2\/users\/2"}],"replies":[{"embeddable":true,"href":"https:\/\/www.caririemacao.com\/1\/wp-json\/wp\/v2\/comments?post=169765"}],"version-history":[{"count":1,"href":"https:\/\/www.caririemacao.com\/1\/wp-json\/wp\/v2\/posts\/169765\/revisions"}],"predecessor-version":[{"id":169767,"href":"https:\/\/www.caririemacao.com\/1\/wp-json\/wp\/v2\/posts\/169765\/revisions\/169767"}],"wp:featuredmedia":[{"embeddable":true,"href":"https:\/\/www.caririemacao.com\/1\/wp-json\/wp\/v2\/media\/169766"}],"wp:attachment":[{"href":"https:\/\/www.caririemacao.com\/1\/wp-json\/wp\/v2\/media?parent=169765"}],"wp:term":[{"taxonomy":"category","embeddable":true,"href":"https:\/\/www.caririemacao.com\/1\/wp-json\/wp\/v2\/categories?post=169765"},{"taxonomy":"post_tag","embeddable":true,"href":"https:\/\/www.caririemacao.com\/1\/wp-json\/wp\/v2\/tags?post=169765"}],"curies":[{"name":"wp","href":"https:\/\/api.w.org\/{rel}","templated":true}]}}